{"id":18209,"date":"2020-04-23T14:13:34","date_gmt":"2020-04-23T14:13:34","guid":{"rendered":"http:\/\/www.friaguinee.net\/?p=18209"},"modified":"2020-04-23T14:13:34","modified_gmt":"2020-04-23T14:13:34","slug":"coronavirus-sommet-des-chefs-detat-de-la-cedeao-en-visioconference","status":"publish","type":"post","link":"http:\/\/www.friaguinee.net\/index.php\/2020\/04\/23\/coronavirus-sommet-des-chefs-detat-de-la-cedeao-en-visioconference\/","title":{"rendered":"Coronavirus: sommet des chefs d&rsquo;\u00c9tat de la Cedeao en visioconf\u00e9rence"},"content":{"rendered":"\n<p>Les chefs d\u2019\u00c9tat et de gouvernement doivent discuter, ce jeudi 23 avril, de l\u2019\u00e9volution de la situation et de l\u2019impact de la pand\u00e9mie du coronavirus dans l\u2019espace C\u00e9d\u00e9ao. Cette visioconf\u00e9rence \u00e0 haut niveau est une premi\u00e8re dans l\u2019histoire de l\u2019organisation ouest-africaine.<\/p>\n\n\n\n<p>C\u2019est donc par \u00e9cran interpos\u00e9 que&nbsp;<strong><a href=\"http:\/\/www.rfi.fr\/fr\/afrique\/20190630-le-nigerien-mahamadou-issoufou-prend-tete-cedeao\">le pr\u00e9sident du Niger, Mahamadou Issoufou<\/a><\/strong>, s\u2019adressera \u00e0 ces pairs en introduction. Tous les chefs d\u2019\u00c9tats et de gouvernement des pays membres de la C\u00e9d\u00e9ao ont confirm\u00e9 leur pr\u00e9sence.<ins><\/ins><\/p>\n\n\n\n<p>Cette visioconf\u00e9rence sera une premi\u00e8re pour une session extraordinaire de ce rang. Et comme toute conversation num\u00e9rique \u00e0 multiples interlocuteurs, elle sera d\u00e9pendante de la qualit\u00e9 de la bande passante. Les techniciens du service informatique de la C\u00e9d\u00e9ao font leur maximum pour emp\u00eacher toute intrusion malveillante dans l\u2019application qui sera utilis\u00e9e.<\/p>\n\n\n\n<p><strong>Deux heures de r\u00e9union num\u00e9rique<\/strong><\/p>\n\n\n\n<p>Calibr\u00e9e sur une dur\u00e9e de deux heures, cette session virtuelle devrait conserver le m\u00eame protocole et les m\u00eames proc\u00e9dures qu\u2019une r\u00e9union physique impliquant les dirigeants des pays de l\u2019organisation ouest-africaine. Sandra Oulate, la directrice de la communication de la C\u00e9d\u00e9ao, conc\u00e8de n\u00e9anmoins que la chaleur des retrouvailles entre chefs d\u2019\u00c9tat et de gouvernements manquera peut-\u00eatre.<\/p>\n\n\n\n<p>En revanche,<strong><a href=\"http:\/\/www.rfi.fr\/fr\/afrique\/20200215-mali-coronavirus-ministres-sant%C3%A9-c%C3%A9d%C3%A9ao-afrique-ouest-strat%C3%A9gie-face-%C3%A9pid%C3%A9mie\">&nbsp;le contexte de la pand\u00e9mie de Covid-19&nbsp;<\/a><\/strong>devrait rapprocher tous les participants. En 2014, l\u2019organisation ouest-africaine de la sant\u00e9 \u00e9tait n\u00e9e lors de la crise d\u2019Ebola. Six an plus tard, la C\u00e9d\u00e9ao pourrait annoncer la cr\u00e9ation d\u2019une entit\u00e9 charg\u00e9e de piloter la pr\u00e9vention et la riposte au coronavirus.<\/p>\n\n\n\n<p><strong>Avec Rfi<\/strong><\/p>\n","protected":false},"excerpt":{"rendered":"<p>Les chefs d\u2019\u00c9tat et de gouvernement doivent discuter, ce jeudi 23 avril, de l\u2019\u00e9volution de la situation et de l\u2019impact de la pand\u00e9mie du coronavirus dans l\u2019espace C\u00e9d\u00e9ao. Cette visioconf\u00e9rence \u00e0 haut niveau est une premi\u00e8re dans l\u2019histoire de l\u2019organisation ouest-africaine. C\u2019est donc par \u00e9cran interpos\u00e9 que&nbsp;le pr\u00e9sident du Niger, Mahamadou Issoufou, s\u2019adressera \u00e0 ces [&hellip;]<\/p>\n","protected":false},"author":2,"featured_media":18210,"comment_status":"open","ping_status":"open","sticky":false,"template":"","format":"standard","meta":{"footnotes":""},"categories":[2],"tags":[1947,2582,2901],"class_list":["post-18209","post","type-post","status-publish","format-standard","has-post-thumbnail","hentry","category-actualites","tag-cedeao","tag-covid-19","tag-visioconference"],"_links":{"self":[{"href":"http:\/\/www.friaguinee.net\/index.php\/wp-json\/wp\/v2\/posts\/18209","targetHints":{"allow":["GET"]}}],"collection":[{"href":"http:\/\/www.friaguinee.net\/index.php\/wp-json\/wp\/v2\/posts"}],"about":[{"href":"http:\/\/www.friaguinee.net\/index.php\/wp-json\/wp\/v2\/types\/post"}],"author":[{"embeddable":true,"href":"http:\/\/www.friaguinee.net\/index.php\/wp-json\/wp\/v2\/users\/2"}],"replies":[{"embeddable":true,"href":"http:\/\/www.friaguinee.net\/index.php\/wp-json\/wp\/v2\/comments?post=18209"}],"version-history":[{"count":1,"href":"http:\/\/www.friaguinee.net\/index.php\/wp-json\/wp\/v2\/posts\/18209\/revisions"}],"predecessor-version":[{"id":18211,"href":"http:\/\/www.friaguinee.net\/index.php\/wp-json\/wp\/v2\/posts\/18209\/revisions\/18211"}],"wp:featuredmedia":[{"embeddable":true,"href":"http:\/\/www.friaguinee.net\/index.php\/wp-json\/wp\/v2\/media\/18210"}],"wp:attachment":[{"href":"http:\/\/www.friaguinee.net\/index.php\/wp-json\/wp\/v2\/media?parent=18209"}],"wp:term":[{"taxonomy":"category","embeddable":true,"href":"http:\/\/www.friaguinee.net\/index.php\/wp-json\/wp\/v2\/categories?post=18209"},{"taxonomy":"post_tag","embeddable":true,"href":"http:\/\/www.friaguinee.net\/index.php\/wp-json\/wp\/v2\/tags?post=18209"}],"curies":[{"name":"wp","href":"https:\/\/api.w.org\/{rel}","templated":true}]}}