{"id":17879,"date":"2020-04-17T20:20:23","date_gmt":"2020-04-17T20:20:23","guid":{"rendered":"http:\/\/www.friaguinee.net\/?p=17879"},"modified":"2020-04-17T20:20:27","modified_gmt":"2020-04-17T20:20:27","slug":"guinee-deces-de-me-salif-kebe-son-etat-de-sante-a-ete-aggrave-par-le-diabete","status":"publish","type":"post","link":"http:\/\/www.friaguinee.net\/index.php\/2020\/04\/17\/guinee-deces-de-me-salif-kebe-son-etat-de-sante-a-ete-aggrave-par-le-diabete\/","title":{"rendered":"Guin\u00e9e\/D\u00e9c\u00e8s de Me Salif k\u00e9b\u00e9: \u00ab\u00a0son \u00e9tat de sant\u00e9 a \u00e9t\u00e9 aggrav\u00e9 par le diab\u00e8te&#8230;\u00a0\u00bb"},"content":{"rendered":"\n<p>\u00c0 la t\u00eate de la Commission \u00e9lectorale nationale ind\u00e9pendante (Ceni) depuis juillet 2018, l\u2019avocat Amadou Salif K\u00e9b\u00e9 avait notamment supervis\u00e9 le double scrutin du 22 mars dernier.<\/p>\n\n\n\n<p>Le pr\u00e9sident de la Commission \u00e9lectorale et ind\u00e9pendante guin\u00e9enne (Ceni),&nbsp;<a href=\"https:\/\/www.jeuneafrique.com\/527854\/politique\/soupcons-de-fraude-electorale-en-guinee-nous-attendons-les-preuves\/\">Me Amadou Salif Keb\u00e9,<\/a>&nbsp;est d\u00e9c\u00e9d\u00e9 ce vendredi 17 avril \u00e0 l\u2019h\u00f4pital de Donka, \u00e0 Conakry, des suites du Covid-19.<\/p>\n\n\n\n<p>Confin\u00e9 chez lui depuis une dizaine de jours, il avait \u00e9t\u00e9 admis le 14 avril au CHU de Donka, un \u00e9tablissement en premi\u00e8re ligne dans la lutte contre la pand\u00e9mie, \u00e0 la suite d\u2019une d\u00e9gradation de son \u00e9tat de sant\u00e9, aggrav\u00e9 par le diab\u00e8te. Selon une source proche de la mouvance pr\u00e9sidentielle, Amadou Salif Keb\u00e9 aurait \u00e9t\u00e9 contamin\u00e9 par des observateurs de la soci\u00e9t\u00e9 civile africaine venus en Guin\u00e9e pour superviser&nbsp;<a href=\"https:\/\/www.jeuneafrique.com\/914863\/politique\/guinee-un-double-scrutin-entache-par-les-violences\/\">le double scrutin \u00e9lectoral du 22 mars dernier<\/a>. L\u2019un d\u2019entre eux est toujours hospitalis\u00e9.<\/p>\n\n\n\n<p>Le pr\u00e9sident de la Ceni est la troisi\u00e8me victime du Covid-19 en&nbsp;Guin\u00e9e, qui compte 438 cas confirm\u00e9s, dont 49 gu\u00e9risons, au 17 avril.<\/p>\n\n\n\n<h2 class=\"wp-block-heading\">Un homme d\u00e9termin\u00e9<\/h2>\n\n\n\n<p>Ancien avocat, Amadou Salif Keb\u00e9 avait \u00e9t\u00e9 port\u00e9 \u00e0 la t\u00eate de l\u2019institution par 18 commissaires sur 19 \u00e0 la suite d\u2019une motion de d\u00e9fiance d\u00e9clench\u00e9e contre&nbsp;<a href=\"https:\/\/www.jeuneafrique.com\/285893\/politique\/niger-bakary-fofana-lexpert-electoral-guineen-decrie-lopposition\/\">son pr\u00e9d\u00e9cesseur, Bakary Fofana<\/a>. Depuis, il avait la lourde t\u00e2che d\u2019assainir le fichier \u00e9lectoral guin\u00e9en et de conduire le double scrutin boycott\u00e9 par une partie de l\u2019opposition. \u00ab&nbsp;Mon \u00e9quipe et moi faisons du mieux que nous pouvons afin que les \u00e9lections soient de qualit\u00e9&nbsp;\u00bb,&nbsp;<a href=\"https:\/\/www.jeuneafrique.com\/527854\/politique\/soupcons-de-fraude-electorale-en-guinee-nous-attendons-les-preuves\/\">avait-il affirm\u00e9 \u00e0&nbsp;<em>Jeune Afrique<\/em>&nbsp;en f\u00e9vrier 2018<\/a>.<\/p>\n\n\n\n<p>Souvent d\u00e9cri\u00e9 par les d\u00e9tracteurs du pouvoir, le patron de la Ceni n\u2019a jamais flanch\u00e9 et s\u2019est toujours dit \u00ab\u00a0serein\u00a0\u00bb, ne cessant de d\u00e9fendre l\u2019institution qu\u2019il a pr\u00e9sid\u00e9e durant un an et demi.<\/p>\n\n\n\n<p>Sa derni\u00e8re apparition publique date du 2 avril, lorsqu\u2019il a annonc\u00e9 les r\u00e9sultats provisoires des \u00e9lections l\u00e9gislatives et du r\u00e9f\u00e9rendum constitutionnel.<\/p>\n\n\n\n<p><strong>Avec Jeune Afrique <\/strong><\/p>\n","protected":false},"excerpt":{"rendered":"<p>\u00c0 la t\u00eate de la Commission \u00e9lectorale nationale ind\u00e9pendante (Ceni) depuis juillet 2018, l\u2019avocat Amadou Salif K\u00e9b\u00e9 avait notamment supervis\u00e9 le double scrutin du 22 mars dernier. Le pr\u00e9sident de la Commission \u00e9lectorale et ind\u00e9pendante guin\u00e9enne (Ceni),&nbsp;Me Amadou Salif Keb\u00e9,&nbsp;est d\u00e9c\u00e9d\u00e9 ce vendredi 17 avril \u00e0 l\u2019h\u00f4pital de Donka, \u00e0 Conakry, des suites du Covid-19. [&hellip;]<\/p>\n","protected":false},"author":2,"featured_media":17880,"comment_status":"open","ping_status":"open","sticky":false,"template":"","format":"standard","meta":{"footnotes":""},"categories":[2],"tags":[],"class_list":["post-17879","post","type-post","status-publish","format-standard","has-post-thumbnail","hentry","category-actualites"],"_links":{"self":[{"href":"http:\/\/www.friaguinee.net\/index.php\/wp-json\/wp\/v2\/posts\/17879","targetHints":{"allow":["GET"]}}],"collection":[{"href":"http:\/\/www.friaguinee.net\/index.php\/wp-json\/wp\/v2\/posts"}],"about":[{"href":"http:\/\/www.friaguinee.net\/index.php\/wp-json\/wp\/v2\/types\/post"}],"author":[{"embeddable":true,"href":"http:\/\/www.friaguinee.net\/index.php\/wp-json\/wp\/v2\/users\/2"}],"replies":[{"embeddable":true,"href":"http:\/\/www.friaguinee.net\/index.php\/wp-json\/wp\/v2\/comments?post=17879"}],"version-history":[{"count":1,"href":"http:\/\/www.friaguinee.net\/index.php\/wp-json\/wp\/v2\/posts\/17879\/revisions"}],"predecessor-version":[{"id":17881,"href":"http:\/\/www.friaguinee.net\/index.php\/wp-json\/wp\/v2\/posts\/17879\/revisions\/17881"}],"wp:featuredmedia":[{"embeddable":true,"href":"http:\/\/www.friaguinee.net\/index.php\/wp-json\/wp\/v2\/media\/17880"}],"wp:attachment":[{"href":"http:\/\/www.friaguinee.net\/index.php\/wp-json\/wp\/v2\/media?parent=17879"}],"wp:term":[{"taxonomy":"category","embeddable":true,"href":"http:\/\/www.friaguinee.net\/index.php\/wp-json\/wp\/v2\/categories?post=17879"},{"taxonomy":"post_tag","embeddable":true,"href":"http:\/\/www.friaguinee.net\/index.php\/wp-json\/wp\/v2\/tags?post=17879"}],"curies":[{"name":"wp","href":"https:\/\/api.w.org\/{rel}","templated":true}]}}