{"id":17671,"date":"2020-04-15T12:08:01","date_gmt":"2020-04-15T12:08:01","guid":{"rendered":"http:\/\/www.friaguinee.net\/?p=17671"},"modified":"2020-04-15T12:08:05","modified_gmt":"2020-04-15T12:08:05","slug":"france-covid-19-le-pm-annonce-des-primes-pour-les-soignants-et-les-agents-de-la-fonction-publique","status":"publish","type":"post","link":"http:\/\/www.friaguinee.net\/index.php\/2020\/04\/15\/france-covid-19-le-pm-annonce-des-primes-pour-les-soignants-et-les-agents-de-la-fonction-publique\/","title":{"rendered":"France\/Covid-19: le PM annonce des primes pour les soignants et les agents de la fonction publique"},"content":{"rendered":"\n<p>Edouard Philippe dans une allocution d\u00e9clare que \u00ab\u00a0le choc du confinement est brutal pour les Fran\u00e7ais (&#8230;) Devant un tel choc, il faut faire face, et nous faisons face gr\u00e2ce au d\u00e9vouement du personnel soignant, gr\u00e2ce aux moyens exceptionnels mis en oeuvre pour sauver l&rsquo;\u00e9conomie. Avec Bruno Le Maire, G\u00e9rald Darmanin et Olivier V\u00e9ran, nous venons vous pr\u00e9senter les chiffres des moyens mis en oeuvre dans le projet de loi rectificatif\u00a0\u00bb.<\/p>\n\n\n\n<p>\u00ab\u00a0Nous avons port\u00e9 le plan d&rsquo;urgence \u00e0 110 milliards d&rsquo;euros. Pour renforcer les dispositifs \u00e0 l&rsquo;urgence \u00e9conomique, le financement du ch\u00f4mage partiel et le fonds de solidarit\u00e9 aux entreprises : 8 milliards d&rsquo;euros sont investis pour la crise sanitaire. Notre d\u00e9ficit devrait atteindre 9% du PIB et la dette, 115% du PIB. L&rsquo;objectif est de sauvegarder, demain ce sera de relancer\u00a0\u00bb dit il.&nbsp;<\/p>\n\n\n\n<p><strong>Des primes pour les soignants et les agents de la fonction publique<\/strong><\/p>\n\n\n\n<p>Edouard Philippe annonce \u00e9galement que les soignants et les personnels des services hospitaliers, se verront verser une prime, exempte de toute charge, net de tout de 1500 euros aux personnels qui g\u00e8re la crise dans les d\u00e9partements. Les heures suppl\u00e9mentaires seront revaloris\u00e9es \u00e0 hauteur de 50% en plus.&nbsp;<\/p>\n\n\n\n<p>Les autres agents de la fonction publique territoriale et d&rsquo;\u00e9tat se verront verser une prime de 1000 euros net modulable. Pour la fonction publique territoriale, ce sera un maximum de 1000 euros par agent.&nbsp;<\/p>\n\n\n\n<p><strong>Une aide exceptionnelle de solidarit\u00e9 aux personnes d\u00e9munies<\/strong><\/p>\n\n\n\n<p>Pour les personnes particuli\u00e8rement d\u00e9munies, une \u00ab\u00a0aide exceptionnelle de solidarit\u00e9\u00a0\u00bb sera vers\u00e9e au 15 mai prochain, une allocation de 150 euros et 100 euros suppl\u00e9mentaires par enfant pour les personnes au RSA. Les personnes b\u00e9n\u00e9ficiaires des APL se verront verser 100 euros. Quatre millions de foyers seront b\u00e9n\u00e9ficiaires de cette aide d&rsquo;urgence.\u00a0<\/p>\n\n\n\n<p><strong>Avec LC2<\/strong><\/p>\n","protected":false},"excerpt":{"rendered":"<p>Edouard Philippe dans une allocution d\u00e9clare que \u00ab\u00a0le choc du confinement est brutal pour les Fran\u00e7ais (&#8230;) Devant un tel choc, il faut faire face, et nous faisons face gr\u00e2ce au d\u00e9vouement du personnel soignant, gr\u00e2ce aux moyens exceptionnels mis en oeuvre pour sauver l&rsquo;\u00e9conomie. Avec Bruno Le Maire, G\u00e9rald Darmanin et Olivier V\u00e9ran, nous [&hellip;]<\/p>\n","protected":false},"author":2,"featured_media":17673,"comment_status":"open","ping_status":"open","sticky":false,"template":"","format":"standard","meta":{"footnotes":""},"categories":[43],"tags":[115,1367,95,1995,2868],"class_list":["post-17671","post","type-post","status-publish","format-standard","has-post-thumbnail","hentry","category-monde","tag-agents","tag-fonction-publique","tag-france","tag-primes","tag-soignants"],"_links":{"self":[{"href":"http:\/\/www.friaguinee.net\/index.php\/wp-json\/wp\/v2\/posts\/17671","targetHints":{"allow":["GET"]}}],"collection":[{"href":"http:\/\/www.friaguinee.net\/index.php\/wp-json\/wp\/v2\/posts"}],"about":[{"href":"http:\/\/www.friaguinee.net\/index.php\/wp-json\/wp\/v2\/types\/post"}],"author":[{"embeddable":true,"href":"http:\/\/www.friaguinee.net\/index.php\/wp-json\/wp\/v2\/users\/2"}],"replies":[{"embeddable":true,"href":"http:\/\/www.friaguinee.net\/index.php\/wp-json\/wp\/v2\/comments?post=17671"}],"version-history":[{"count":2,"href":"http:\/\/www.friaguinee.net\/index.php\/wp-json\/wp\/v2\/posts\/17671\/revisions"}],"predecessor-version":[{"id":17674,"href":"http:\/\/www.friaguinee.net\/index.php\/wp-json\/wp\/v2\/posts\/17671\/revisions\/17674"}],"wp:featuredmedia":[{"embeddable":true,"href":"http:\/\/www.friaguinee.net\/index.php\/wp-json\/wp\/v2\/media\/17673"}],"wp:attachment":[{"href":"http:\/\/www.friaguinee.net\/index.php\/wp-json\/wp\/v2\/media?parent=17671"}],"wp:term":[{"taxonomy":"category","embeddable":true,"href":"http:\/\/www.friaguinee.net\/index.php\/wp-json\/wp\/v2\/categories?post=17671"},{"taxonomy":"post_tag","embeddable":true,"href":"http:\/\/www.friaguinee.net\/index.php\/wp-json\/wp\/v2\/tags?post=17671"}],"curies":[{"name":"wp","href":"https:\/\/api.w.org\/{rel}","templated":true}]}}