{"id":16500,"date":"2020-03-26T16:08:18","date_gmt":"2020-03-26T16:08:18","guid":{"rendered":"http:\/\/www.friaguinee.net\/?p=16500"},"modified":"2020-03-26T16:08:20","modified_gmt":"2020-03-26T16:08:20","slug":"guinee-reponse-du-ministre-de-la-defense-a-la-fidh-les-forces-armees-guineennes-nont-joue-aucun-autre-role-dans-le-processus-electoral","status":"publish","type":"post","link":"http:\/\/www.friaguinee.net\/index.php\/2020\/03\/26\/guinee-reponse-du-ministre-de-la-defense-a-la-fidh-les-forces-armees-guineennes-nont-joue-aucun-autre-role-dans-le-processus-electoral\/","title":{"rendered":"Guin\u00e9e\/R\u00e9ponse du Ministre de la D\u00e9fense \u00e0 la FIDH: \u00a0\u00bb Les Forces arm\u00e9es guin\u00e9ennes n\u2019ont jou\u00e9 aucun autre r\u00f4le dans le processus \u00e9lectoral&#8230;\u00a0\u00bb"},"content":{"rendered":"\n<p>Le minist\u00e8re de la D\u00e9fense nationale d\u00e9ment cat\u00e9goriquement les all\u00e9gations \u00e0 charge d\u00e9nu\u00e9es de tout fondement et sans aucune preuve contenues dans une r\u00e9cente d\u00e9claration de la FIDH et d\u2019autres organisations satellites tendant \u00e0 ternir l\u2019image des Forces arm\u00e9es guin\u00e9ennes, suite aux violences enregistr\u00e9es lors des \u00e9lections l\u00e9gislatives et r\u00e9f\u00e9rendaires du 22 mars 2020.<\/p>\n\n\n\n<p>Le d\u00e9ploiement des Forces arm\u00e9es guin\u00e9ennes ob\u00e9it \u00e0 l\u2019esprit et \u00e0 la lettre de la Loi 031 du 25 juin 2019 relative \u00e0 l\u2019organisation g\u00e9n\u00e9rale et le fonctionnement des Forces de d\u00e9fense et de s\u00e9curit\u00e9 en R\u00e9publique de Guin\u00e9e qui stipule dans son article 5, citation : \u00ab Les Forces de d\u00e9fense sont charg\u00e9es de la d\u00e9fense du territoire national. Elles participent en temps de paix au d\u00e9veloppement \u00e9conomique et \u00e0 LA PROTECTION DES PERSONNES ET DE LEURS BIENS. Elles concourent \u00e9galement aux op\u00e9rations de secours en cas de catastrophes et de calamit\u00e9s naturelles \u00bb.<\/p>\n\n\n\n<p>Les Forces arm\u00e9es guin\u00e9ennes ne participent ni au maintien, ni au r\u00e9tablissement de l\u2019ordre public qui sont du ressort de la police et de la gendarmerie. Comme le stipule l\u2019article 27 de la Loi 09 du 4 juin 2015 portant maintien de l\u2019ordre public, \u00ab dans le cadre du maintien de l\u2019ordre public, les forces de s\u00e9curit\u00e9 et de d\u00e9fense sont class\u00e9es en trois ordres d\u2019interventions qui sont :<\/p>\n\n\n\n<p>\u2013&nbsp;&nbsp;&nbsp;&nbsp;&nbsp;&nbsp; Forces de premi\u00e8re intervention constitu\u00e9es de la Police nationale<\/p>\n\n\n\n<p>\u2013&nbsp;&nbsp;&nbsp;&nbsp;&nbsp;&nbsp; Forces de deuxi\u00e8me intervention constitu\u00e9es de la Gendarmerie<\/p>\n\n\n\n<p>\u2013&nbsp;&nbsp;&nbsp;&nbsp;&nbsp;&nbsp; Forces de troisi\u00e8me intervention constitu\u00e9es des arm\u00e9es \u00bb.<\/p>\n\n\n\n<p>A ce titre, les Forces arm\u00e9es n\u2019interviennent qu\u2019en appui aux Forces de police et de gendarmerie en cas de n\u00e9cessit\u00e9 absolue.<\/p>\n\n\n\n<p>Le minist\u00e8re de la D\u00e9fense nationale s\u2019\u00e9tonne du silence coupable de la FIDH et de ses d\u00e9membrements face aux atteintes graves des droits de l\u2019Homme commises en longueur d\u2019actions violentes par des militants et sympathisants de partis politiques d\u2019opposition qui agissent \u00e0 visages d\u00e9couverts et troublent la qui\u00e9tude des populations guin\u00e9ennes.<\/p>\n\n\n\n<p>C\u2019est justement pour mettre fin \u00e0 ces atteintes graves aux droits des Guin\u00e9ens et des \u00e9trangers qui vivent sur le territoire national que l\u2019Etat, dans son r\u00f4le r\u00e9galien de protecteur des droits de l\u2019Homme, a \u00e9t\u00e9 emmen\u00e9 dans certains endroits d\u2019imposer le respect des droits de l\u2019Homme et des libert\u00e9s individuelles, en ordonnant l\u2019interposition et la dispersion de foules hostiles et de factions civiles en conflit violent.<\/p>\n\n\n\n<p>Par cons\u00e9quent, les Forces arm\u00e9es guin\u00e9ennes n\u2019ont jou\u00e9 aucun autre r\u00f4le dans le processus \u00e9lectoral si ce n\u2019est celui qui leur est d\u00e9volu : la d\u00e9fense du territoire et la protection des personnes et de leurs biens.<\/p>\n\n\n\n<p>Le minist\u00e8re de la D\u00e9fense nationale a pu constater que lorsque la Police et la Gendarmerie sont d\u00e9bord\u00e9es \u00e0 Paris ou en Province lors des violentes manifestations des \u00ab Gilets Jaunes \u00bb, le gouvernement fran\u00e7ais fait appel aux Forces arm\u00e9es pour s\u00e9curiser les \u00e9difices publics et les lieux sensibles sans que la FIDH ne d\u00e9nonce un recul d\u00e9mocratique de la France.<\/p>\n\n\n\n<p>En tout \u00e9tat de cause, le minist\u00e8re de la D\u00e9fense nationale rappelle le caract\u00e8re apolitique et r\u00e9publicain de l\u2019arm\u00e9e guin\u00e9enne, respectueuse des Lois et des Institutions de la R\u00e9publique et soumise \u00e0 l\u2019autorit\u00e9 civile l\u00e9galement constitu\u00e9e.<\/p>\n\n\n\n<p><strong>Conakry, le 25 mars 2020<\/strong><\/p>\n\n\n\n<p><strong>Le minist\u00e8re de la D\u00e9fense nationale<\/strong><\/p>\n","protected":false},"excerpt":{"rendered":"<p>Le minist\u00e8re de la D\u00e9fense nationale d\u00e9ment cat\u00e9goriquement les all\u00e9gations \u00e0 charge d\u00e9nu\u00e9es de tout fondement et sans aucune preuve contenues dans une r\u00e9cente d\u00e9claration de la FIDH et d\u2019autres organisations satellites tendant \u00e0 ternir l\u2019image des Forces arm\u00e9es guin\u00e9ennes, suite aux violences enregistr\u00e9es lors des \u00e9lections l\u00e9gislatives et r\u00e9f\u00e9rendaires du 22 mars 2020. Le [&hellip;]<\/p>\n","protected":false},"author":2,"featured_media":4937,"comment_status":"open","ping_status":"open","sticky":false,"template":"","format":"standard","meta":{"footnotes":""},"categories":[45],"tags":[50,1501,2561,148,141,1988],"class_list":["post-16500","post","type-post","status-publish","format-standard","has-post-thumbnail","hentry","category-securite","tag-conakry","tag-defense","tag-fidh","tag-guinee","tag-ministre","tag-reponse"],"_links":{"self":[{"href":"http:\/\/www.friaguinee.net\/index.php\/wp-json\/wp\/v2\/posts\/16500","targetHints":{"allow":["GET"]}}],"collection":[{"href":"http:\/\/www.friaguinee.net\/index.php\/wp-json\/wp\/v2\/posts"}],"about":[{"href":"http:\/\/www.friaguinee.net\/index.php\/wp-json\/wp\/v2\/types\/post"}],"author":[{"embeddable":true,"href":"http:\/\/www.friaguinee.net\/index.php\/wp-json\/wp\/v2\/users\/2"}],"replies":[{"embeddable":true,"href":"http:\/\/www.friaguinee.net\/index.php\/wp-json\/wp\/v2\/comments?post=16500"}],"version-history":[{"count":1,"href":"http:\/\/www.friaguinee.net\/index.php\/wp-json\/wp\/v2\/posts\/16500\/revisions"}],"predecessor-version":[{"id":16501,"href":"http:\/\/www.friaguinee.net\/index.php\/wp-json\/wp\/v2\/posts\/16500\/revisions\/16501"}],"wp:featuredmedia":[{"embeddable":true,"href":"http:\/\/www.friaguinee.net\/index.php\/wp-json\/wp\/v2\/media\/4937"}],"wp:attachment":[{"href":"http:\/\/www.friaguinee.net\/index.php\/wp-json\/wp\/v2\/media?parent=16500"}],"wp:term":[{"taxonomy":"category","embeddable":true,"href":"http:\/\/www.friaguinee.net\/index.php\/wp-json\/wp\/v2\/categories?post=16500"},{"taxonomy":"post_tag","embeddable":true,"href":"http:\/\/www.friaguinee.net\/index.php\/wp-json\/wp\/v2\/tags?post=16500"}],"curies":[{"name":"wp","href":"https:\/\/api.w.org\/{rel}","templated":true}]}}