{"id":16132,"date":"2020-03-21T11:44:49","date_gmt":"2020-03-21T11:44:49","guid":{"rendered":"http:\/\/www.friaguinee.net\/?p=16132"},"modified":"2020-03-21T11:44:52","modified_gmt":"2020-03-21T11:44:52","slug":"guinee-electionsdu-22-mars-lonu-appelle-a-un-dialogue-constructif-et-a-processus-inclusif","status":"publish","type":"post","link":"http:\/\/www.friaguinee.net\/index.php\/2020\/03\/21\/guinee-electionsdu-22-mars-lonu-appelle-a-un-dialogue-constructif-et-a-processus-inclusif\/","title":{"rendered":"Guin\u00e9e\/Electionsdu 22 mars: l&rsquo;ONU appelle \u00e0 un dialogue constructif et \u00e0   processus inclusif"},"content":{"rendered":"\n<p><strong>D\u00e9claration du porte-parole du Secr\u00e9taire-G\u00e9n\u00e9ral&nbsp;sur la tenue des \u00e9lections l\u00e9gislatives et d\u2019un r\u00e9f\u00e9rendum constitutionnel en Guin\u00e9e<\/strong><\/p>\n\n\n\n<p>Le Secr\u00e9taire g\u00e9n\u00e9ral suit de pr\u00e8s l\u2019\u00e9volution de la situation en Guin\u00e9e et a pris note de la d\u00e9cision du Pr\u00e9sident Alpha Cond\u00e9 d\u2019organiser les \u00e9lections l\u00e9gislatives et le referendum constitutionnel le 22 mars.<\/p>\n\n\n\n<p>Le Secr\u00e9taire g\u00e9n\u00e9ral appelle l\u2019ensemble des parties \u00e0 assurer un processus pacifique et transparent. Il r\u00e9it\u00e8re son appel \u00e0 un dialogue constructif entre le Gouvernement, l\u2019opposition et la soci\u00e9t\u00e9 civile afin de parvenir \u00e0 un consensus par le biais d\u2019un processus inclusif.<\/p>\n\n\n\n<p>L\u2019ONU est pr\u00eate \u00e0 soutenir ces efforts, notamment par l\u2019interm\u00e9diaire du Repr\u00e9sentant sp\u00e9cial du Secr\u00e9taire g\u00e9n\u00e9ral pour l\u2019Afrique de l\u2019Ouest et le Sahel, M. Mohamed Ibn Chambas.<\/p>\n\n\n\n<p><strong>St\u00e9phane Dujarric, Porte-parole du Secr\u00e9taire g\u00e9n\u00e9ral<br>New York, le 20 mars 2020<\/strong><\/p>\n","protected":false},"excerpt":{"rendered":"<p>D\u00e9claration du porte-parole du Secr\u00e9taire-G\u00e9n\u00e9ral&nbsp;sur la tenue des \u00e9lections l\u00e9gislatives et d\u2019un r\u00e9f\u00e9rendum constitutionnel en Guin\u00e9e Le Secr\u00e9taire g\u00e9n\u00e9ral suit de pr\u00e8s l\u2019\u00e9volution de la situation en Guin\u00e9e et a pris note de la d\u00e9cision du Pr\u00e9sident Alpha Cond\u00e9 d\u2019organiser les \u00e9lections l\u00e9gislatives et le referendum constitutionnel le 22 mars. Le Secr\u00e9taire g\u00e9n\u00e9ral appelle l\u2019ensemble [&hellip;]<\/p>\n","protected":false},"author":2,"featured_media":16133,"comment_status":"open","ping_status":"open","sticky":false,"template":"","format":"standard","meta":{"footnotes":""},"categories":[163],"tags":[76,148,2254],"class_list":["post-16132","post","type-post","status-publish","format-standard","has-post-thumbnail","hentry","category-politique","tag-elections","tag-guinee","tag-onu"],"_links":{"self":[{"href":"http:\/\/www.friaguinee.net\/index.php\/wp-json\/wp\/v2\/posts\/16132","targetHints":{"allow":["GET"]}}],"collection":[{"href":"http:\/\/www.friaguinee.net\/index.php\/wp-json\/wp\/v2\/posts"}],"about":[{"href":"http:\/\/www.friaguinee.net\/index.php\/wp-json\/wp\/v2\/types\/post"}],"author":[{"embeddable":true,"href":"http:\/\/www.friaguinee.net\/index.php\/wp-json\/wp\/v2\/users\/2"}],"replies":[{"embeddable":true,"href":"http:\/\/www.friaguinee.net\/index.php\/wp-json\/wp\/v2\/comments?post=16132"}],"version-history":[{"count":1,"href":"http:\/\/www.friaguinee.net\/index.php\/wp-json\/wp\/v2\/posts\/16132\/revisions"}],"predecessor-version":[{"id":16134,"href":"http:\/\/www.friaguinee.net\/index.php\/wp-json\/wp\/v2\/posts\/16132\/revisions\/16134"}],"wp:featuredmedia":[{"embeddable":true,"href":"http:\/\/www.friaguinee.net\/index.php\/wp-json\/wp\/v2\/media\/16133"}],"wp:attachment":[{"href":"http:\/\/www.friaguinee.net\/index.php\/wp-json\/wp\/v2\/media?parent=16132"}],"wp:term":[{"taxonomy":"category","embeddable":true,"href":"http:\/\/www.friaguinee.net\/index.php\/wp-json\/wp\/v2\/categories?post=16132"},{"taxonomy":"post_tag","embeddable":true,"href":"http:\/\/www.friaguinee.net\/index.php\/wp-json\/wp\/v2\/tags?post=16132"}],"curies":[{"name":"wp","href":"https:\/\/api.w.org\/{rel}","templated":true}]}}