{"id":16117,"date":"2020-03-21T08:56:36","date_gmt":"2020-03-21T08:56:36","guid":{"rendered":"http:\/\/www.friaguinee.net\/?p=16117"},"modified":"2020-03-21T08:56:38","modified_gmt":"2020-03-21T08:56:38","slug":"guinee-amnesty-international-denonce-des-disparitions-forcees-et-des-arrestations-dopposants-avant-un-scrutin-conteste","status":"publish","type":"post","link":"http:\/\/www.friaguinee.net\/index.php\/2020\/03\/21\/guinee-amnesty-international-denonce-des-disparitions-forcees-et-des-arrestations-dopposants-avant-un-scrutin-conteste\/","title":{"rendered":"Guin\u00e9e: Amnesty international d\u00e9nonce des disparitions forc\u00e9es et des arrestations d\u2019opposants avant un scrutin contest\u00e9"},"content":{"rendered":"\n<ul class=\"wp-block-list\"><li>Des rafles aveugles op\u00e9r\u00e9es dans des quartiers contestataires de Conakry<\/li><li>Des jeunes disparus depuis leur arrestation<\/li><li>Des opposants membres du FNDC arbitrairement arr\u00eat\u00e9s, parfois tortur\u00e9s<\/li><li>Les t\u00e9l\u00e9communications et internet menac\u00e9s de coupures \u00e0 court terme<\/li><\/ul>\n\n\n\n<p>Les autorit\u00e9s guin\u00e9ennes doivent imm\u00e9diatement lib\u00e9rer toutes les personnes arbitrairement d\u00e9tenues et arr\u00eater les rafles \u00e0 l\u2019aveugle op\u00e9r\u00e9es dans des quartiers de la capitale r\u00e9put\u00e9s contestataires, a d\u00e9clar\u00e9 Amnesty International \u00e0 la veille des \u00e9lections l\u00e9gislatives et d\u2019un r\u00e9f\u00e9rendum contest\u00e9 sur une nouvelle constitution pr\u00e9vus dimanche 22 mars.<\/p>\n\n\n\n<p>Des jeunes de la capitale Conakry dont le nombre pourrait atteindre 40 ont \u00e9t\u00e9 arbitrairement arr\u00eat\u00e9s ces derni\u00e8res semaines puis conduits en d\u00e9tention dans un camp militaire. Ils ont disparu depuis. D\u2019autres arrestations ont vis\u00e9 dans les r\u00e9gions de Nz\u00e9r\u00e9kor\u00e9 (sud-est) et de Kindia (nord-est) des personnes publiquement engag\u00e9es dans la lutte contre le r\u00e9f\u00e9rendum constitutionnel, \u00e0 travers le Front national pour la d\u00e9fense de la constitution (FNDC).Rien ne saurait justifier les atteintes aux droits humains avant, pendant et apr\u00e8s ces \u00e9lections. Toutes les personnes arbitrairement arr\u00eat\u00e9es en Guin\u00e9e doivent \u00eatre lib\u00e9r\u00e9es imm\u00e9diatement et sans condition, les droits \u00e0 la vie et \u00e0 l&rsquo;int\u00e9grit\u00e9 physique doivent \u00eatre prot\u00e9g\u00e9s.&nbsp;Fabien Offner, chercheur au bureau d\u2019Amnesty International pour l\u2019Afrique de l\u2019Ouest et l\u2019Afrique centrale.<\/p>\n\n\n\n<p>&nbsp;\u00ab&nbsp;La Guin\u00e9e s\u2019engage ce week-end dans des \u00e9lections l\u00e9gislatives et un r\u00e9f\u00e9rendum contest\u00e9 par une partie de la population dans un contexte de r\u00e9pression syst\u00e9matique des opposants au projet de r\u00e9vision constitutionnel,&nbsp;\u00bb a d\u00e9clar\u00e9 Fabien Offner, chercheur au bureau d\u2019Amnesty International pour l\u2019Afrique de l\u2019Ouest et l\u2019Afrique centrale.<\/p>\n\n\n\n<p>\u00ab&nbsp;Rien ne saurait justifier les atteintes aux droits humains avant, pendant et apr\u00e8s ces \u00e9lections. Toutes les personnes arbitrairement arr\u00eat\u00e9es doivent \u00eatre lib\u00e9r\u00e9es imm\u00e9diatement et sans condition, les droits \u00e0 la vie et \u00e0 l&rsquo;int\u00e9grit\u00e9 physique doivent \u00eatre prot\u00e9g\u00e9s. \u00bb<\/p>\n\n\n\n<p>Amnesty International a recueilli les t\u00e9moignages d\u2019une dizaine de parents et proches de personnes arr\u00eat\u00e9es \u00e0 Conakry, Macenta (sud-est) et T\u00e9lim\u00e9l\u00e9 (ouest) dont la plupart ont depuis disparu. Une partie d\u2019entre-elles a \u00e9t\u00e9 conduite dans un camp militaire hors de la capitale. Aucune famille et aucun avocat n\u2019a pu avoir acc\u00e8s au camp, et les autorit\u00e9s n\u2019ont jusqu\u2019\u00e0 pr\u00e9sent pas communiqu\u00e9 officiellement sur cette situation. Ces pratiques constituent des disparitions forc\u00e9es au regard du droit international.<\/p>\n\n\n\n<p>Un parent de l\u2019un des jeunes arr\u00eat\u00e9s le 11 f\u00e9vrier dernier au quartier Koloma \u00e0 Conakry a d\u00e9clar\u00e9 \u00e0 Amnesty International :<\/p>\n\n\n\n<p>\u00ab Il a \u00e9t\u00e9 arr\u00eat\u00e9 par les forces de l\u2019ordre lorsqu\u2019elles l\u2019ont crois\u00e9 alors qu\u2019il rentrait chez lui. Il n\u2019a jamais particip\u00e9 \u00e0 la moindre marche. C\u2019est un simple conducteur de taxi qui a \u00e9t\u00e9 arr\u00eat\u00e9 par hasard. Il y a eu plusieurs arrestations ce jour-l\u00e0. J\u2019ai moi m\u00eame failli me faire arr\u00eater. Je venais de la boutique pour m\u2019approvisionner en unit\u00e9s t\u00e9l\u00e9phoniques. A l\u2019entr\u00e9e de ma cour, les policiers m\u2019ont vu et m\u2019ont dit de venir. J\u2019ai refus\u00e9 et ils m\u2019ont poursuivi mais heureusement j\u2019ai pu leur \u00e9chapper. \u00bb<\/p>\n\n\n\n<p>Plusieurs parents et proches ont d\u00e9clar\u00e9 que leurs proches arr\u00eat\u00e9s eux-aussi le 11 f\u00e9vrier \u00e0 Koloma ont d\u2019abord \u00e9t\u00e9 d\u00e9tenus \u00e0 Conakry, avant d\u2019\u00eatre emmen\u00e9s par des militaires dans un lieu inconnu.<\/p>\n\n\n\n<p>Un parent t\u00e9moigne&nbsp;:<\/p>\n\n\n\n<p>\u00ab Mon fils a \u00e9t\u00e9 arr\u00eat\u00e9 le 11 f\u00e9vrier par une patrouille de la police entre 22h et 23h alors qu\u2019il s\u2019appr\u00eatait \u00e0 prendre un taxi. Il a \u00e9t\u00e9 emmen\u00e9 \u00e0 la Compagnie mobile d\u2019intervention et de s\u00e9curit\u00e9 du quartier Bambeto de Conakry. Le lendemain on l\u2019a amen\u00e9 dans une autre Compagnie situ\u00e9e au quartier Enco 5. Je suis all\u00e9 le voir l\u00e0-bas. Les policiers m\u2019ont dit de revenir le lendemain. Quand je suis revenu, ils m\u2019ont dit que les b\u00e9rets rouges sont partis avec eux. J\u2019ai sillonn\u00e9 tous les coins de Conakry, les camps, en vain. \u00bb<\/p>\n\n\n\n<p>\u00ab&nbsp;Les forces de s\u00e9curit\u00e9 guin\u00e9ennes doivent r\u00e9v\u00e9ler imm\u00e9diatement o\u00f9 se trouvent ces personnes disparues et quelle est leur situation au regard de la loi. Si elles sont d\u00e9tenues, les autorit\u00e9s doivent les inculper d\u2019une infraction d\u00fbment reconnue par la loi ou les lib\u00e9rer imm\u00e9diatement, \u00bb a d\u00e9clar\u00e9 Fabien Offner.<\/p>\n\n\n\n<p>Deux membres du FNDC ont \u00e9t\u00e9 arr\u00eat\u00e9s \u00e0 leur domicile par des b\u00e9rets rouges accompagn\u00e9s de gendarmes au d\u00e9but du mois de mars \u00e0 T\u00e9lim\u00e9l\u00e9 et sont depuis incarc\u00e9r\u00e9s \u00e0 la prison centrale de la ville sans acc\u00e8s \u00e0 un avocat et sans avoir \u00e9t\u00e9 pr\u00e9sent\u00e9 \u00e0 un juge, ce qui constitue une d\u00e9tention arbitraire.<\/p>\n\n\n\n<p>Le 27 f\u00e9vrier, un responsable local du parti d\u2019opposition Union des forces d\u00e9mocratiques de Guin\u00e9e (UFDG), membre du FNDC, et un \u00e9tudiant ont \u00e9t\u00e9 interpell\u00e9s au grand march\u00e9 de Nz\u00e9r\u00e9kor\u00e9. Ils ont \u00e9t\u00e9 conduits au commissariat central puis au camp militaire de la ville o\u00f9 ils ont \u00e9t\u00e9 tortur\u00e9s, selon les informations re\u00e7ues par Amnesty International.<\/p>\n\n\n\n<p>Le 15 f\u00e9vrier, Robert Kaliva Guilavogui alias Junior Gbagbataki du Parti de l\u2019espoir pour le d\u00e9veloppement national (PEDN), membre du FNDC, a \u00e9t\u00e9 arr\u00eat\u00e9 \u00e0 Macenta, d\u2019o\u00f9 il aurait \u00e9t\u00e9 conduit en d\u00e9tention \u00e0 Faranah. Il a \u00e9t\u00e9 conduit le 2 mars dans la soir\u00e9e dans un autre lieu de d\u00e9tention inconnu.<\/p>\n\n\n\n<p>Amnesty International demande aux autorit\u00e9s guin\u00e9ennes de lib\u00e9rer tous les membres du FNDC arbitrairement arr\u00eat\u00e9s et d\u2019ouvrir une enqu\u00eate sur les all\u00e9gations de torture que certains d\u2019entre eux auraient subi en d\u00e9tention.<\/p>\n\n\n\n<p>Dans le contexte d\u2019un r\u00e9f\u00e9rendum contest\u00e9 susceptible de permettre \u00e0 l\u2019actuel pr\u00e9sident de se pr\u00e9senter pour un troisi\u00e8me mandat, l\u2019organisation est par ailleurs pr\u00e9occup\u00e9e par les menaces qui p\u00e8sent sur l\u2019acc\u00e8s \u00e0 internet et aux t\u00e9l\u00e9communications. Des perturbations du r\u00e9seau internet ont d\u2019ailleurs \u00e9t\u00e9 constat\u00e9es le 20 mars dans la soir\u00e9e.Les autorit\u00e9s doivent garantir l\u2019acc\u00e8s aux t\u00e9l\u00e9communications et \u00e0 internet avant, pendant et apr\u00e8s les \u00e9lections, afin de permettre aux populations d\u2019exercer leur droit \u00e0 la libert\u00e9 d\u2019expression et \u00e0 l\u2019acc\u00e8s \u00e0 l\u2019information.&nbsp;Fabien Offner.<\/p>\n\n\n\n<p>La Guin\u00e9enne de Large Bande (GUILAB) &#8211; op\u00e9rateur d\u2019infrastructures de t\u00e9l\u00e9communication d\u00e9tenu majoritairement par l\u2019Etat \u2013 avait annonc\u00e9 que les appels internationaux et internet seraient coup\u00e9s la veille et la matin\u00e9e du vote en raison de \u00ab&nbsp;travaux&nbsp;\u00bb, avant d\u2019annoncer un report de la coupure, selon un communiqu\u00e9 de la structure. GUILAB doit s\u2019assurer qu\u2019aucune coupure n\u2019interviendra \u00e0 quelconque \u00e9tape d\u00e9terminante des \u00e9lections l\u00e9gislatives et du r\u00e9f\u00e9rendum.<\/p>\n\n\n\n<p>\u201cLes autorit\u00e9s doivent garantir l\u2019acc\u00e8s aux t\u00e9l\u00e9communications et \u00e0 internet avant, pendant et apr\u00e8s les \u00e9lections, afin de permettre aux populations d\u2019exercer leur droit \u00e0 la libert\u00e9 d\u2019expression et \u00e0 l\u2019acc\u00e8s \u00e0 l\u2019information,\u201d a d\u00e9clar\u00e9 Fabien Offner<\/p>\n","protected":false},"excerpt":{"rendered":"<p>Des rafles aveugles op\u00e9r\u00e9es dans des quartiers contestataires de Conakry Des jeunes disparus depuis leur arrestation Des opposants membres du FNDC arbitrairement arr\u00eat\u00e9s, parfois tortur\u00e9s Les t\u00e9l\u00e9communications et internet menac\u00e9s de coupures \u00e0 court terme Les autorit\u00e9s guin\u00e9ennes doivent imm\u00e9diatement lib\u00e9rer toutes les personnes arbitrairement d\u00e9tenues et arr\u00eater les rafles \u00e0 l\u2019aveugle op\u00e9r\u00e9es dans des [&hellip;]<\/p>\n","protected":false},"author":2,"featured_media":11869,"comment_status":"open","ping_status":"open","sticky":false,"template":"","format":"standard","meta":{"footnotes":""},"categories":[2],"tags":[2448,2450,400,2449,148,2426],"class_list":["post-16117","post","type-post","status-publish","format-standard","has-post-thumbnail","hentry","category-actualites","tag-amnesty-international","tag-arrestation-opposants","tag-conteste","tag-disparitions-forcees","tag-guinee","tag-scrutin"],"_links":{"self":[{"href":"http:\/\/www.friaguinee.net\/index.php\/wp-json\/wp\/v2\/posts\/16117","targetHints":{"allow":["GET"]}}],"collection":[{"href":"http:\/\/www.friaguinee.net\/index.php\/wp-json\/wp\/v2\/posts"}],"about":[{"href":"http:\/\/www.friaguinee.net\/index.php\/wp-json\/wp\/v2\/types\/post"}],"author":[{"embeddable":true,"href":"http:\/\/www.friaguinee.net\/index.php\/wp-json\/wp\/v2\/users\/2"}],"replies":[{"embeddable":true,"href":"http:\/\/www.friaguinee.net\/index.php\/wp-json\/wp\/v2\/comments?post=16117"}],"version-history":[{"count":1,"href":"http:\/\/www.friaguinee.net\/index.php\/wp-json\/wp\/v2\/posts\/16117\/revisions"}],"predecessor-version":[{"id":16118,"href":"http:\/\/www.friaguinee.net\/index.php\/wp-json\/wp\/v2\/posts\/16117\/revisions\/16118"}],"wp:featuredmedia":[{"embeddable":true,"href":"http:\/\/www.friaguinee.net\/index.php\/wp-json\/wp\/v2\/media\/11869"}],"wp:attachment":[{"href":"http:\/\/www.friaguinee.net\/index.php\/wp-json\/wp\/v2\/media?parent=16117"}],"wp:term":[{"taxonomy":"category","embeddable":true,"href":"http:\/\/www.friaguinee.net\/index.php\/wp-json\/wp\/v2\/categories?post=16117"},{"taxonomy":"post_tag","embeddable":true,"href":"http:\/\/www.friaguinee.net\/index.php\/wp-json\/wp\/v2\/tags?post=16117"}],"curies":[{"name":"wp","href":"https:\/\/api.w.org\/{rel}","templated":true}]}}