{"id":15730,"date":"2020-03-13T16:19:55","date_gmt":"2020-03-13T16:19:55","guid":{"rendered":"http:\/\/www.friaguinee.net\/?p=15730"},"modified":"2020-03-13T16:19:57","modified_gmt":"2020-03-13T16:19:57","slug":"urgent-coronavirus-le-president-bresilien-jair-bolsonaro-positif","status":"publish","type":"post","link":"http:\/\/www.friaguinee.net\/index.php\/2020\/03\/13\/urgent-coronavirus-le-president-bresilien-jair-bolsonaro-positif\/","title":{"rendered":"Urgent\/Coronavirus: le pr\u00e9sident br\u00e9silien Jair Bolsonaro positif"},"content":{"rendered":"\n<p>Le pr\u00e9sident br\u00e9silien, Jair Bolsonaro, qui a rencontr\u00e9 son homologue am\u00e9ricain, Donald Trump, le week-end dernier, est positif au coronavirus, rapporte la cha\u00eene Fox News sans citer de source.<\/p>\n\n\n\n<p>Selon Fox Business Network, une r\u00e9union d&rsquo;urgence a \u00e9t\u00e9 convoqu\u00e9e \u00e0 la Maison blanche apr\u00e8s le test positif du chef de l&rsquo;Etat br\u00e9silien. Le pr\u00e9sident am\u00e9ricain a quant \u00e0 lui annonc\u00e9 qu&rsquo;il tiendrait une conf\u00e9rence de presse sur le coronavirus \u00e0 15h00 (19h00 GMT).<\/p>\n\n\n\n<p>Sur Twitter, le fils du pr\u00e9sident br\u00e9silien, Eduardo Bolsonaro, a d\u00e9clar\u00e9 que les r\u00e9sultats des tests de d\u00e9pistage n&rsquo;\u00e9taient pas encore connus, en r\u00e9action \u00e0 une information d&rsquo;un journaliste du quotidien de Rio O Dia selon lequel un premier test effectu\u00e9 sur le chef de l&rsquo;Etat br\u00e9silien s&rsquo;\u00e9tait r\u00e9v\u00e9l\u00e9 positif.<\/p>\n\n\n\n<p>Jeudi, Donald Trump a dit qu&rsquo;il n&rsquo;\u00e9tait pas pr\u00e9occup\u00e9 par la possibilit\u00e9 d&rsquo;avoir \u00e9t\u00e9 expos\u00e9 au coronavirus apr\u00e8s avoir c\u00f4toy\u00e9 la semaine derni\u00e8re lors d&rsquo;un d\u00eener \u00e0 Palm Beach avec Jair Bolsonaro un responsable du gouvernement br\u00e9silien qui a \u00e9t\u00e9 depuis contr\u00f4l\u00e9 positif au Covid-19. Le secr\u00e9taire br\u00e9silien aux Communications, Fabio Wajngarten, a \u00e9t\u00e9 test\u00e9 positif et plac\u00e9 en quarantaine \u00e0 son domicile.<\/p>\n\n\n\n<p><strong>Le Figaro<\/strong> <\/p>\n","protected":false},"excerpt":{"rendered":"<p>Le pr\u00e9sident br\u00e9silien, Jair Bolsonaro, qui a rencontr\u00e9 son homologue am\u00e9ricain, Donald Trump, le week-end dernier, est positif au coronavirus, rapporte la cha\u00eene Fox News sans citer de source. Selon Fox Business Network, une r\u00e9union d&rsquo;urgence a \u00e9t\u00e9 convoqu\u00e9e \u00e0 la Maison blanche apr\u00e8s le test positif du chef de l&rsquo;Etat br\u00e9silien. Le pr\u00e9sident am\u00e9ricain [&hellip;]<\/p>\n","protected":false},"author":2,"featured_media":15731,"comment_status":"open","ping_status":"open","sticky":false,"template":"","format":"standard","meta":{"footnotes":""},"categories":[1],"tags":[2305,138],"class_list":["post-15730","post","type-post","status-publish","format-standard","has-post-thumbnail","hentry","category-non-classe","tag-jair-bolsorano","tag-president"],"_links":{"self":[{"href":"http:\/\/www.friaguinee.net\/index.php\/wp-json\/wp\/v2\/posts\/15730","targetHints":{"allow":["GET"]}}],"collection":[{"href":"http:\/\/www.friaguinee.net\/index.php\/wp-json\/wp\/v2\/posts"}],"about":[{"href":"http:\/\/www.friaguinee.net\/index.php\/wp-json\/wp\/v2\/types\/post"}],"author":[{"embeddable":true,"href":"http:\/\/www.friaguinee.net\/index.php\/wp-json\/wp\/v2\/users\/2"}],"replies":[{"embeddable":true,"href":"http:\/\/www.friaguinee.net\/index.php\/wp-json\/wp\/v2\/comments?post=15730"}],"version-history":[{"count":1,"href":"http:\/\/www.friaguinee.net\/index.php\/wp-json\/wp\/v2\/posts\/15730\/revisions"}],"predecessor-version":[{"id":15732,"href":"http:\/\/www.friaguinee.net\/index.php\/wp-json\/wp\/v2\/posts\/15730\/revisions\/15732"}],"wp:featuredmedia":[{"embeddable":true,"href":"http:\/\/www.friaguinee.net\/index.php\/wp-json\/wp\/v2\/media\/15731"}],"wp:attachment":[{"href":"http:\/\/www.friaguinee.net\/index.php\/wp-json\/wp\/v2\/media?parent=15730"}],"wp:term":[{"taxonomy":"category","embeddable":true,"href":"http:\/\/www.friaguinee.net\/index.php\/wp-json\/wp\/v2\/categories?post=15730"},{"taxonomy":"post_tag","embeddable":true,"href":"http:\/\/www.friaguinee.net\/index.php\/wp-json\/wp\/v2\/tags?post=15730"}],"curies":[{"name":"wp","href":"https:\/\/api.w.org\/{rel}","templated":true}]}}