{"id":14673,"date":"2020-02-21T12:13:17","date_gmt":"2020-02-21T12:13:17","guid":{"rendered":"http:\/\/www.friaguinee.net\/?p=14673"},"modified":"2020-02-21T12:13:22","modified_gmt":"2020-02-21T12:13:22","slug":"labe-propos-scandaleux-de-madifing-diane-le-mouvement-tournons-la-page-interpelle-la-justice","status":"publish","type":"post","link":"http:\/\/www.friaguinee.net\/index.php\/2020\/02\/21\/labe-propos-scandaleux-de-madifing-diane-le-mouvement-tournons-la-page-interpelle-la-justice\/","title":{"rendered":"Lab\u00e9\/Propos \u00ab\u00a0scandaleux\u00a0\u00bb de Madifing Dian\u00e9: le mouvement \u00ab Tournons La Page \u00bb interpelle la justice"},"content":{"rendered":"\n<p>La Section guin\u00e9enne du Mouvement Citoyen International \u00ab&nbsp;Tournons La Page&nbsp;\u00bb a \u00e9cout\u00e9 avec stupeur les propos scandaleux tenus par M. Madifing Dian\u00e9 Gouverneur de la r\u00e9gion administrative de Lab\u00e9, au cours d\u2019un entretien avec le journaliste fran\u00e7ais Thomas Dietrich.<\/p>\n\n\n\n<p>S\u2019exprimant sur les assassinats des manifestants, M. le Gouverneur a clairement reconnu sa responsabilit\u00e9 dans la mort des cinq personnes tu\u00e9es en marge des manifestations organis\u00e9es en janvier dernier, dans cette ville de la Moyenne-Guin\u00e9e. Sur les cinq (05) personnes tu\u00e9es, se trouve un ambulancier dont le seul crime a \u00e9t\u00e9 de porter secours aux manifestants victime des exactions des forces de d\u00e9fense et de s\u00e9curit\u00e9 localement r\u00e9quisitionn\u00e9es qui \u00e9taient appuy\u00e9es par des militaires lourdement arm\u00e9s venus d\u2019ailleurs.&nbsp;<\/p>\n\n\n\n<p>La ville \u00e9tant compl\u00e8tement militaris\u00e9e, les forces de l\u2019ordre avaient carte blanche pour commettre les pires exactions sous les ordres directs des autorit\u00e9s de la ville.&nbsp;<\/p>\n\n\n\n<p><strong><em>\u00ab&nbsp;Notre souhait aurait \u00e9t\u00e9 de les arr\u00eater si on pouvait les arr\u00eater que de les tuer&nbsp;\u00bb,<\/em><\/strong>&nbsp;tels sont les propos textuellement tenus par M. Madifing Dian\u00e9 qui, pourtant, a toujours ni\u00e9 \u00eatre m\u00eal\u00e9s \u00e0 la barbarie qui s\u2019est abattue sur la ville de Lab\u00e9 \u00e0 l\u2019\u00e9poque.<\/p>\n\n\n\n<p>Ces aveux, on ne peut plus clairs de M. Madifing Dian\u00e9 viennent confirmer la d\u00e9rive dictatoriale du r\u00e9gime de M. Alpha Cond\u00e9 dont les r\u00e9pressions ont fait 38 morts suite aux manifestations organis\u00e9es par le Front National pour la D\u00e9fense de la Constitution (FNDC) depuis octobre 2019.<\/p>\n\n\n\n<p><strong>La section guin\u00e9enne du Mouvement citoyen international \u00ab&nbsp;Tournons La Page&nbsp;\u00bb interpelle la justice guin\u00e9enne \u00e0 ouvrir une enqu\u00eate bas\u00e9e sur ces graves propos tenus par M. Madifing Dian\u00e9 pour en tirer toutes les cons\u00e9quences qui s\u2019imposent en pareille circonstance.<\/strong><\/p>\n\n\n\n<p>La section guin\u00e9enne du Mouvement Citoyen international \u00ab&nbsp;Tournons La Page&nbsp;\u00bb rappelle que M. Madifing Dian\u00e9 est accus\u00e9 d\u2019implication dans la mort d\u2019un \u00e9tudiant abattu lors d\u2019une action de maintien de l\u2019ordre \u00e0 l\u2019universit\u00e9 de Lab\u00e9, en fin d\u2019ann\u00e9e 2019. Une raison de plus pour que la justice s\u2019int\u00e9resse de pr\u00e8s aux agissements de Monsieur le Gouverneur de Lab\u00e9.<\/p>\n\n\n\n<p>Fait \u00e0 Conakry, le 20 F\u00e9vrier 2020<\/p>\n\n\n\n<p>Contacts presse&nbsp;: Ibrahima DIALLO Coordinateur Tournons La Page Guin\u00e9e, 622302930<\/p>\n\n\n\n<p><strong>Laurent DUARTE Coordinateur International Tournons La Page<\/strong><\/p>\n","protected":false},"excerpt":{"rendered":"<p>La Section guin\u00e9enne du Mouvement Citoyen International \u00ab&nbsp;Tournons La Page&nbsp;\u00bb a \u00e9cout\u00e9 avec stupeur les propos scandaleux tenus par M. Madifing Dian\u00e9 Gouverneur de la r\u00e9gion administrative de Lab\u00e9, au cours d\u2019un entretien avec le journaliste fran\u00e7ais Thomas Dietrich. S\u2019exprimant sur les assassinats des manifestants, M. le Gouverneur a clairement reconnu sa responsabilit\u00e9 dans la [&hellip;]<\/p>\n","protected":false},"author":2,"featured_media":14676,"comment_status":"open","ping_status":"open","sticky":false,"template":"","format":"standard","meta":{"footnotes":""},"categories":[1],"tags":[],"class_list":["post-14673","post","type-post","status-publish","format-standard","has-post-thumbnail","hentry","category-non-classe"],"_links":{"self":[{"href":"http:\/\/www.friaguinee.net\/index.php\/wp-json\/wp\/v2\/posts\/14673","targetHints":{"allow":["GET"]}}],"collection":[{"href":"http:\/\/www.friaguinee.net\/index.php\/wp-json\/wp\/v2\/posts"}],"about":[{"href":"http:\/\/www.friaguinee.net\/index.php\/wp-json\/wp\/v2\/types\/post"}],"author":[{"embeddable":true,"href":"http:\/\/www.friaguinee.net\/index.php\/wp-json\/wp\/v2\/users\/2"}],"replies":[{"embeddable":true,"href":"http:\/\/www.friaguinee.net\/index.php\/wp-json\/wp\/v2\/comments?post=14673"}],"version-history":[{"count":1,"href":"http:\/\/www.friaguinee.net\/index.php\/wp-json\/wp\/v2\/posts\/14673\/revisions"}],"predecessor-version":[{"id":14675,"href":"http:\/\/www.friaguinee.net\/index.php\/wp-json\/wp\/v2\/posts\/14673\/revisions\/14675"}],"wp:featuredmedia":[{"embeddable":true,"href":"http:\/\/www.friaguinee.net\/index.php\/wp-json\/wp\/v2\/media\/14676"}],"wp:attachment":[{"href":"http:\/\/www.friaguinee.net\/index.php\/wp-json\/wp\/v2\/media?parent=14673"}],"wp:term":[{"taxonomy":"category","embeddable":true,"href":"http:\/\/www.friaguinee.net\/index.php\/wp-json\/wp\/v2\/categories?post=14673"},{"taxonomy":"post_tag","embeddable":true,"href":"http:\/\/www.friaguinee.net\/index.php\/wp-json\/wp\/v2\/tags?post=14673"}],"curies":[{"name":"wp","href":"https:\/\/api.w.org\/{rel}","templated":true}]}}