{"id":14454,"date":"2020-02-15T12:17:31","date_gmt":"2020-02-15T12:17:31","guid":{"rendered":"http:\/\/www.friaguinee.net\/?p=14454"},"modified":"2020-02-15T12:17:34","modified_gmt":"2020-02-15T12:17:34","slug":"guinee-lancement-de-la-production-de-jus-sirop-et-confiture-a-base-de-fruits-legumes-et-tubercules","status":"publish","type":"post","link":"http:\/\/www.friaguinee.net\/index.php\/2020\/02\/15\/guinee-lancement-de-la-production-de-jus-sirop-et-confiture-a-base-de-fruits-legumes-et-tubercules\/","title":{"rendered":"Guin\u00e9e: lancement de la production de jus, sirop et confiture \u00e0 base de fruits, l\u00e9gumes et tubercules"},"content":{"rendered":"\n<p>LANCEMENT DE LA PRODUCTION DE JUS, SIROP ET CONFITURE A BASE DE FRUITS, LEGUMES ET TUBERCULES : DISCOURS DE SON EXCELLENCE MONSIEUR LE PREMIER MINISTRE, CHEF DU GOUVERNEMENT<\/p>\n\n\n\n<p>Conakry, le 14 F\u00e9vrier 2020 &#8211;<\/p>\n\n\n\n<p>\u00b7       Mesdames et Messieurs les Membres du Gouvernement ;<\/p>\n\n\n\n<p>\u00b7       Monsieur le Gouverneur de la Ville de Conakry ;<\/p>\n\n\n\n<p>\u00b7       Monsieur le Maire de la Commune de Dixinn ;<\/p>\n\n\n\n<p>\u00b7       Monsieur le Chef de Quartier de Cameroun ;<\/p>\n\n\n\n<p>\u00b7       Monsieur le Repr\u00e9sentant R\u00e9sident du PNUD ;<\/p>\n\n\n\n<p>\u00b7       Mesdames les Pr\u00e9sidentes des Groupements F\u00e9minins et  Directrices des CAF ;<\/p>\n\n\n\n<p>\u00b7       Distingu\u00e9s invit\u00e9s ;<\/p>\n\n\n\n<p>C\u2019est une satisfaction pour moi de prendre part \u00e0 cette importante c\u00e9r\u00e9monie consacr\u00e9e au lancement de la production de jus, sirop et confiture \u00e0 base de fruits, l\u00e9gumes et tubercules par des GIE mis en place gr\u00e2ce au Programme des Nations Unies pour le D\u00e9veloppement dans le cadre de la mise en \u0153uvre du Programme d\u2019Appui \u00e0 l\u2019Entrepreneuriat F\u00e9minin et \u00e0 l\u2019Autonomisation des Femmes (PEFAF).<\/p>\n\n\n\n<p>La pr\u00e9sente c\u00e9r\u00e9monie est la suite logique des activit\u00e9s r\u00e9alis\u00e9es par le Gouvernement \u00e0 travers le Minist\u00e8re de l\u2019Action Sociale, de la Promotion et de l\u2019Enfance en partenariat avec l\u2019appui du Programme des Nations Unies pour le D\u00e9veloppement.<\/p>\n\n\n\n<p>Le PEFAF est l\u2019expression d\u2019une vision, celle du Professeur Alpha CONDE, qui, dans son projet de soci\u00e9t\u00e9, a plac\u00e9 au c\u0153ur des priorit\u00e9s de son Gouvernement l\u2019autonomisation des femmes et des jeunes qui en lien avec le Programme National de D\u00e9veloppement Economique et Social (PNDES) dans son troisi\u00e8me pilier \u00ab D\u00e9veloppement inclusif et capital humain. \u00bb<\/p>\n\n\n\n<p>Mesdames et Messieurs,<\/p>\n\n\n\n<p>Le d\u00e9marrage des activit\u00e9s de production portant sur la transformation de nos produits est un grand \u00e9v\u00e8nement.<\/p>\n\n\n\n<p>Elle refl\u00e8te le d\u00e9but de la mise en \u0153uvre des initiatives pr\u00e9sidentielles destin\u00e9es \u00e0 promouvoir les cha\u00eenes de valeurs agricoles. Elle permet d\u2019impulser la cr\u00e9ation d\u2019emplois stables et la cr\u00e9ation de richesse pour les promoteurs, leurs familles et la communaut\u00e9 nationale dans son ensemble.<\/p>\n\n\n\n<p>La phase de transformation est capitale dans le processus de transformation de nos produits agroalimentaires. L\u2019on sait que pendant les p\u00e9riodes d\u2019abondance des fruits et l\u00e9gumes, nos op\u00e9rateurs agricoles subissent beaucoup de pertes r\u00e9sultant des gaspillages dus \u00e0 l\u2019absence de moyens de stockage et de technologies de transformation.<\/p>\n\n\n\n<p>Le programme (PEFAF) qui a b\u00e2ti sa strat\u00e9gie sur les chaines de valeurs, permettra de suppl\u00e9er \u00e0 ces insuffisances en permettant une r\u00e9duction significative des pertes apr\u00e8s r\u00e9colte enregistr\u00e9es par les horticulteurs en particulier et les agriculteurs en g\u00e9n\u00e9ral.<\/p>\n\n\n\n<p>Il est \u00e9vident que la promotion de cette activit\u00e9, le maintien et l\u2019int\u00e9r\u00eat des groupes cibles du programme que sont les CAF et les Groupements f\u00e9minins, ne saurait \u00eatre garanti sans des d\u00e9bouch\u00e9s s\u00fbrs en termes de march\u00e9s pour eux.<\/p>\n\n\n\n<p>C\u2019est pourquoi, j\u2019invite humblement les tenanciers des h\u00f4tels et restaurants \u00e0 ouvrir davantage leurs portes aux diff\u00e9rents GIE de transformation pour assurer des d\u00e9bouch\u00e9s s\u00fbrs et r\u00e9guliers pour l\u2019\u00e9coulement de leur production.<\/p>\n\n\n\n<p>Mesdames et Messieurs,<\/p>\n\n\n\n<p>Je ne saurai conclure sans remercier le Programme des Nations Unies pour le D\u00e9veloppement qui accompagne l\u2019initiative.<\/p>\n\n\n\n<p>Il me plait aussi de f\u00e9liciter ces braves femmes qui, de jour comme de nuit, peinent \u00e0 mat\u00e9rialiser la strat\u00e9gie d\u2019autonomisation des femmes si ch\u00e8re au Pr\u00e9sident de la R\u00e9publique, Professeur Alpha CONDE dans sa vision de d\u00e9veloppement durable. <\/p>\n\n\n\n<p>Distingu\u00e9s invit\u00e9s,<\/p>\n\n\n\n<p>C\u2019est sur ces mots, que je lance officiellement le d\u00e9marrage de la nouvelle fili\u00e8re de transformation, de production de jus, sirop, confiture \u00e0 base de fruits, l\u00e9gumes et tubercules.<\/p>\n\n\n\n<p>Vive la Coop\u00e9ration Internationale !<\/p>\n\n\n\n<p>Vive les femmes de Guin\u00e9e !<\/p>\n\n\n\n<p>Je vous remercie. <\/p>\n\n\n\n<p>Transmis par la Cellule de Communication du Gouvernement<\/p>\n","protected":false},"excerpt":{"rendered":"<p>LANCEMENT DE LA PRODUCTION DE JUS, SIROP ET CONFITURE A BASE DE FRUITS, LEGUMES ET TUBERCULES : DISCOURS DE SON EXCELLENCE MONSIEUR LE PREMIER MINISTRE, CHEF DU GOUVERNEMENT Conakry, le 14 F\u00e9vrier 2020 &#8211; \u00b7 Mesdames et Messieurs les Membres du Gouvernement ; \u00b7 Monsieur le Gouverneur de la Ville de Conakry ; \u00b7 Monsieur [&hellip;]<\/p>\n","protected":false},"author":2,"featured_media":14455,"comment_status":"open","ping_status":"open","sticky":false,"template":"","format":"standard","meta":{"footnotes":""},"categories":[1],"tags":[],"class_list":["post-14454","post","type-post","status-publish","format-standard","has-post-thumbnail","hentry","category-non-classe"],"_links":{"self":[{"href":"http:\/\/www.friaguinee.net\/index.php\/wp-json\/wp\/v2\/posts\/14454","targetHints":{"allow":["GET"]}}],"collection":[{"href":"http:\/\/www.friaguinee.net\/index.php\/wp-json\/wp\/v2\/posts"}],"about":[{"href":"http:\/\/www.friaguinee.net\/index.php\/wp-json\/wp\/v2\/types\/post"}],"author":[{"embeddable":true,"href":"http:\/\/www.friaguinee.net\/index.php\/wp-json\/wp\/v2\/users\/2"}],"replies":[{"embeddable":true,"href":"http:\/\/www.friaguinee.net\/index.php\/wp-json\/wp\/v2\/comments?post=14454"}],"version-history":[{"count":2,"href":"http:\/\/www.friaguinee.net\/index.php\/wp-json\/wp\/v2\/posts\/14454\/revisions"}],"predecessor-version":[{"id":14457,"href":"http:\/\/www.friaguinee.net\/index.php\/wp-json\/wp\/v2\/posts\/14454\/revisions\/14457"}],"wp:featuredmedia":[{"embeddable":true,"href":"http:\/\/www.friaguinee.net\/index.php\/wp-json\/wp\/v2\/media\/14455"}],"wp:attachment":[{"href":"http:\/\/www.friaguinee.net\/index.php\/wp-json\/wp\/v2\/media?parent=14454"}],"wp:term":[{"taxonomy":"category","embeddable":true,"href":"http:\/\/www.friaguinee.net\/index.php\/wp-json\/wp\/v2\/categories?post=14454"},{"taxonomy":"post_tag","embeddable":true,"href":"http:\/\/www.friaguinee.net\/index.php\/wp-json\/wp\/v2\/tags?post=14454"}],"curies":[{"name":"wp","href":"https:\/\/api.w.org\/{rel}","templated":true}]}}