{"id":13997,"date":"2020-02-04T22:34:59","date_gmt":"2020-02-04T22:34:59","guid":{"rendered":"http:\/\/www.friaguinee.net\/?p=13997"},"modified":"2020-02-04T22:35:02","modified_gmt":"2020-02-04T22:35:02","slug":"guinee-cohesion-sociale-alpha-conde-depeche-plusieurs-ministres-au-fouta","status":"publish","type":"post","link":"http:\/\/www.friaguinee.net\/index.php\/2020\/02\/04\/guinee-cohesion-sociale-alpha-conde-depeche-plusieurs-ministres-au-fouta\/","title":{"rendered":"Guin\u00e9e\/Coh\u00e9sion sociale: Alpha Cond\u00e9 d\u00e9p\u00eache plusieurs Ministres   au Fouta"},"content":{"rendered":"\n<p>Le Pr\u00e9sident de la R\u00e9publique dans le souci de consolider l&rsquo;unit\u00e9 nationale et la coh\u00e9sion sociale apr\u00e8s les manifestations violentes du FNDC qui se sont sold\u00e9es le mois de janvier dernier par des d\u00e9g\u00e2ts incommensurables au Foutah, a d\u00e9p\u00each\u00e9 une forte d\u00e9l\u00e9gation minist\u00e9rielle pour y aller pr\u00eacher la paix, la coh\u00e9sion sociale et l&rsquo;unit\u00e9 nationale. <\/p>\n\n\n\n<figure class=\"wp-block-image\"><img loading=\"lazy\" decoding=\"async\" width=\"719\" height=\"350\" src=\"http:\/\/www.friaguinee.net\/wp-content\/uploads\/2020\/02\/FB_IMG_1580855278897.jpg\" alt=\"\" class=\"wp-image-13999\" srcset=\"http:\/\/www.friaguinee.net\/wp-content\/uploads\/2020\/02\/FB_IMG_1580855278897.jpg 719w, http:\/\/www.friaguinee.net\/wp-content\/uploads\/2020\/02\/FB_IMG_1580855278897-300x146.jpg 300w, http:\/\/www.friaguinee.net\/wp-content\/uploads\/2020\/02\/FB_IMG_1580855278897-696x339.jpg 696w\" sizes=\"auto, (max-width: 719px) 100vw, 719px\" \/><\/figure>\n\n\n\n<p>Cette d\u00e9l\u00e9gation conduite par le ministre d&rsquo;\u00e9tat de l&rsquo;h\u00f4tellerie et du tourisme Thierno Ousmane Diallo est compos\u00e9e entre autres de Mouctar Diallo, ministre de la Jeunesse et de l&rsquo;Emploi des Jeunes, du G\u00e9n\u00e9ral Boureima Cond\u00e9, ministre de l&rsquo;administration du territoire et de la d\u00e9centralisation, de Mamadou Taran Diallo, ministre de la citoyennet\u00e9 et de l&rsquo;unit\u00e9 nationale. <\/p>\n\n\n\n<figure class=\"wp-block-image\"><img loading=\"lazy\" decoding=\"async\" width=\"719\" height=\"350\" src=\"http:\/\/www.friaguinee.net\/wp-content\/uploads\/2020\/02\/FB_IMG_1580855267126.jpg\" alt=\"\" class=\"wp-image-14000\" srcset=\"http:\/\/www.friaguinee.net\/wp-content\/uploads\/2020\/02\/FB_IMG_1580855267126.jpg 719w, http:\/\/www.friaguinee.net\/wp-content\/uploads\/2020\/02\/FB_IMG_1580855267126-300x146.jpg 300w, http:\/\/www.friaguinee.net\/wp-content\/uploads\/2020\/02\/FB_IMG_1580855267126-696x339.jpg 696w\" sizes=\"auto, (max-width: 719px) 100vw, 719px\" \/><\/figure>\n\n\n\n<p>Ce mardi, 4 f\u00e9vrier 2020, la d\u00e9l\u00e9gation minist\u00e9rielle a entam\u00e9 sa mission \u00e0 Mamou o\u00f9 elle a rencontr\u00e9 les sages et les religieux r\u00e9unis autour d&rsquo;El hadj Amadou Kolon Barry inspecteur r\u00e9gional des affaires religieuses. Dans son discours de circonstance, le ministre Boureima Cond\u00e9, porte-parole de la d\u00e9l\u00e9gation, a transmis le message de compassion du Chef de l&rsquo;\u00c9tat suite aux \u00e9v\u00e9nements douloureux enregistr\u00e9s dans la pr\u00e9fecture. Au nom du Professeur Alpha Cond\u00e9, il a invit\u00e9 les populations de Mamou \u00e0 cultiver la paix, la coh\u00e9sion sociale et l&rsquo;unit\u00e9 nationale. En retour, El hadj Amadou Kolon Barry, inspecteur r\u00e9gional des affaires religieuses a salu\u00e9 l&rsquo;initiative du Pr\u00e9sident de la R\u00e9publique. Au nom des sages et des religieux, il s&rsquo;est engag\u00e9 \u00e0 pr\u00f4ner davantage la qui\u00e9tude sociale.<\/p>\n\n\n\n<figure class=\"wp-block-image\"><img loading=\"lazy\" decoding=\"async\" width=\"719\" height=\"350\" src=\"http:\/\/www.friaguinee.net\/wp-content\/uploads\/2020\/02\/FB_IMG_1580855292988.jpg\" alt=\"\" class=\"wp-image-14001\" srcset=\"http:\/\/www.friaguinee.net\/wp-content\/uploads\/2020\/02\/FB_IMG_1580855292988.jpg 719w, http:\/\/www.friaguinee.net\/wp-content\/uploads\/2020\/02\/FB_IMG_1580855292988-300x146.jpg 300w, http:\/\/www.friaguinee.net\/wp-content\/uploads\/2020\/02\/FB_IMG_1580855292988-696x339.jpg 696w\" sizes=\"auto, (max-width: 719px) 100vw, 719px\" \/><\/figure>\n\n\n\n<p>Apr\u00e8s Mamou, les \u00e9missaires du Chef de l&rsquo;\u00c9tat se sont rendus \u00e0 Dalaba au domicile du premier imam Elhadj ch\u00e9rif Barry, secr\u00e9taire pr\u00e9fectoral des affaires religieuses. L\u00e0-bas \u00e9galement, c&rsquo;est le m\u00eame message qui a \u00e9t\u00e9 transmis aux sages et aux religieux. Apr\u00e8s avoir d\u00e9plor\u00e9 les biens publics d\u00e9truits, le G\u00e9n\u00e9ral Boureima Cond\u00e9 a d\u00e9clar\u00e9 que des enqu\u00eates sont en cours pour arr\u00eater et traduire les auteurs de ces d\u00e9g\u00e2ts devant les tribunaux.<br>\nAvant de quitter Dalaba, la d\u00e9l\u00e9gation minist\u00e9rielle a visit\u00e9 l&rsquo;institut sup\u00e9rieur des sciences v\u00e9t\u00e9rinaires et m\u00e9dicales. Cette universit\u00e9 avait aussi \u00e9t\u00e9 attaqu\u00e9e et pill\u00e9e par des manifestants. <\/p>\n\n\n\n<figure class=\"wp-block-image\"><img loading=\"lazy\" decoding=\"async\" width=\"719\" height=\"350\" src=\"http:\/\/www.friaguinee.net\/wp-content\/uploads\/2020\/02\/FB_IMG_1580855286244.jpg\" alt=\"\" class=\"wp-image-14002\" srcset=\"http:\/\/www.friaguinee.net\/wp-content\/uploads\/2020\/02\/FB_IMG_1580855286244.jpg 719w, http:\/\/www.friaguinee.net\/wp-content\/uploads\/2020\/02\/FB_IMG_1580855286244-300x146.jpg 300w, http:\/\/www.friaguinee.net\/wp-content\/uploads\/2020\/02\/FB_IMG_1580855286244-696x339.jpg 696w\" sizes=\"auto, (max-width: 719px) 100vw, 719px\" \/><\/figure>\n\n\n\n<p>Apr\u00e8s Dalaba, c&rsquo;est la pr\u00e9fecture de Pita qui a constitu\u00e9 la derni\u00e8re \u00e9tape de la d\u00e9l\u00e9gation minist\u00e9rielle pour la journ\u00e9e du mardi. A l&rsquo;instar des premi\u00e8res localit\u00e9s sillonn\u00e9es, les envoy\u00e9s du Chef de l&rsquo;\u00c9tat ont rencontr\u00e9 les sages et les religieux de Pita au domicile du Khalife g\u00e9n\u00e9ral du Foutah El hadj Bano Bah o\u00f9 ils ont livr\u00e9 le m\u00eame message de paix et d&rsquo;unit\u00e9 nationale. <br> La d\u00e9l\u00e9gation minist\u00e9rielle est attendue mercredi 5 f\u00e9vrier 2020 dans d&rsquo;autres localit\u00e9s du Foutah notamment Lab\u00e9 et L\u00e9louma.<\/p>\n\n\n\n<p>CCMJEJ<\/p>\n","protected":false},"excerpt":{"rendered":"<p>Le Pr\u00e9sident de la R\u00e9publique dans le souci de consolider l&rsquo;unit\u00e9 nationale et la coh\u00e9sion sociale apr\u00e8s les manifestations violentes du FNDC qui se sont sold\u00e9es le mois de janvier dernier par des d\u00e9g\u00e2ts incommensurables au Foutah, a d\u00e9p\u00each\u00e9 une forte d\u00e9l\u00e9gation minist\u00e9rielle pour y aller pr\u00eacher la paix, la coh\u00e9sion sociale et l&rsquo;unit\u00e9 nationale. [&hellip;]<\/p>\n","protected":false},"author":2,"featured_media":14004,"comment_status":"open","ping_status":"open","sticky":false,"template":"","format":"standard","meta":{"footnotes":""},"categories":[3],"tags":[1807,1808,1809,532],"class_list":["post-13997","post","type-post","status-publish","format-standard","has-post-thumbnail","hentry","category-societe","tag-cohesion-sociale","tag-fouta","tag-ministres-depeches","tag-paix"],"_links":{"self":[{"href":"http:\/\/www.friaguinee.net\/index.php\/wp-json\/wp\/v2\/posts\/13997","targetHints":{"allow":["GET"]}}],"collection":[{"href":"http:\/\/www.friaguinee.net\/index.php\/wp-json\/wp\/v2\/posts"}],"about":[{"href":"http:\/\/www.friaguinee.net\/index.php\/wp-json\/wp\/v2\/types\/post"}],"author":[{"embeddable":true,"href":"http:\/\/www.friaguinee.net\/index.php\/wp-json\/wp\/v2\/users\/2"}],"replies":[{"embeddable":true,"href":"http:\/\/www.friaguinee.net\/index.php\/wp-json\/wp\/v2\/comments?post=13997"}],"version-history":[{"count":3,"href":"http:\/\/www.friaguinee.net\/index.php\/wp-json\/wp\/v2\/posts\/13997\/revisions"}],"predecessor-version":[{"id":14005,"href":"http:\/\/www.friaguinee.net\/index.php\/wp-json\/wp\/v2\/posts\/13997\/revisions\/14005"}],"wp:featuredmedia":[{"embeddable":true,"href":"http:\/\/www.friaguinee.net\/index.php\/wp-json\/wp\/v2\/media\/14004"}],"wp:attachment":[{"href":"http:\/\/www.friaguinee.net\/index.php\/wp-json\/wp\/v2\/media?parent=13997"}],"wp:term":[{"taxonomy":"category","embeddable":true,"href":"http:\/\/www.friaguinee.net\/index.php\/wp-json\/wp\/v2\/categories?post=13997"},{"taxonomy":"post_tag","embeddable":true,"href":"http:\/\/www.friaguinee.net\/index.php\/wp-json\/wp\/v2\/tags?post=13997"}],"curies":[{"name":"wp","href":"https:\/\/api.w.org\/{rel}","templated":true}]}}