{"id":1337,"date":"2018-01-31T10:31:38","date_gmt":"2018-01-31T10:31:38","guid":{"rendered":"http:\/\/www.friaguinee.net\/?p=1337"},"modified":"2018-01-31T10:31:38","modified_gmt":"2018-01-31T10:31:38","slug":"guinee-bissau-premier-ministre-nomme","status":"publish","type":"post","link":"http:\/\/www.friaguinee.net\/index.php\/2018\/01\/31\/guinee-bissau-premier-ministre-nomme\/","title":{"rendered":"Guin\u00e9e-Bissau : un Premier ministre nomm\u00e9"},"content":{"rendered":"<p><strong>Le pr\u00e9sident bissau-guin\u00e9en Jos\u00e9 Mario Vaz a nomm\u00e9 un nouveau Premier ministre par d\u00e9cret.<\/strong><\/p>\n<p style=\"font-style: inherit; font-weight: inherit;\">Artur Da Silva, a \u00e9t\u00e9 port\u00e9 \u00e0 la t\u00eate du gouvernement mardi soir \u00ab\u00a0dans le cadre des efforts en cours pour trouver une solution d\u00e9finitive \u00e0 la crise politico-institutionnelle que traverse le pays ces derni\u00e8res ann\u00e9es\u00a0\u00bb.<\/p>\n<p style=\"font-style: inherit; font-weight: inherit;\">Le nouveau chef du gouvernement est charg\u00e9 de former un gouvernement en perspective des prochaines l\u00e9gislatives.<\/p>\n<p>Cette d\u00e9signation intervient 15 jours apr\u00e8s la d\u00e9mission de son pr\u00e9d\u00e9cesseur Umaro Embalo Cissoko.<\/p>\n<p style=\"font-style: inherit; font-weight: inherit;\">En ao\u00fbt 2015, le pays avait connu des troubles politiques, suite \u00e0 la destitution par le pr\u00e9sident Vaz de l&rsquo;ancien Premier ministre Domingos Simoes Pereira, du Paigc<\/p>\n<p style=\"font-style: inherit; font-weight: inherit;\">Da Silva a \u00e9t\u00e9 ministre des Affaires \u00e9trang\u00e8res. Il a \u00e9galement \u00e9t\u00e9 ministre de la P\u00eache et de l&rsquo;Education.<\/p>\n<p><em><strong>BBC AFRIQUE<\/strong><\/em><\/p>\n<p>.<\/p>\n<p>&nbsp;<\/p>\n<p>&nbsp;<\/p>\n<p>&nbsp;<\/p>\n","protected":false},"excerpt":{"rendered":"<p>Le pr\u00e9sident bissau-guin\u00e9en Jos\u00e9 Mario Vaz a nomm\u00e9 un nouveau Premier ministre par d\u00e9cret. Artur Da Silva, a \u00e9t\u00e9 port\u00e9 \u00e0 la t\u00eate du gouvernement mardi soir \u00ab\u00a0dans le cadre des efforts en cours pour trouver une solution d\u00e9finitive \u00e0 la crise politico-institutionnelle que traverse le pays ces derni\u00e8res ann\u00e9es\u00a0\u00bb. Le nouveau chef du gouvernement [&hellip;]<\/p>\n","protected":false},"author":2,"featured_media":1338,"comment_status":"open","ping_status":"open","sticky":false,"template":"","format":"standard","meta":{"footnotes":""},"categories":[42],"tags":[],"class_list":["post-1337","post","type-post","status-publish","format-standard","has-post-thumbnail","hentry","category-afrique"],"_links":{"self":[{"href":"http:\/\/www.friaguinee.net\/index.php\/wp-json\/wp\/v2\/posts\/1337","targetHints":{"allow":["GET"]}}],"collection":[{"href":"http:\/\/www.friaguinee.net\/index.php\/wp-json\/wp\/v2\/posts"}],"about":[{"href":"http:\/\/www.friaguinee.net\/index.php\/wp-json\/wp\/v2\/types\/post"}],"author":[{"embeddable":true,"href":"http:\/\/www.friaguinee.net\/index.php\/wp-json\/wp\/v2\/users\/2"}],"replies":[{"embeddable":true,"href":"http:\/\/www.friaguinee.net\/index.php\/wp-json\/wp\/v2\/comments?post=1337"}],"version-history":[{"count":1,"href":"http:\/\/www.friaguinee.net\/index.php\/wp-json\/wp\/v2\/posts\/1337\/revisions"}],"predecessor-version":[{"id":1339,"href":"http:\/\/www.friaguinee.net\/index.php\/wp-json\/wp\/v2\/posts\/1337\/revisions\/1339"}],"wp:featuredmedia":[{"embeddable":true,"href":"http:\/\/www.friaguinee.net\/index.php\/wp-json\/wp\/v2\/media\/1338"}],"wp:attachment":[{"href":"http:\/\/www.friaguinee.net\/index.php\/wp-json\/wp\/v2\/media?parent=1337"}],"wp:term":[{"taxonomy":"category","embeddable":true,"href":"http:\/\/www.friaguinee.net\/index.php\/wp-json\/wp\/v2\/categories?post=1337"},{"taxonomy":"post_tag","embeddable":true,"href":"http:\/\/www.friaguinee.net\/index.php\/wp-json\/wp\/v2\/tags?post=1337"}],"curies":[{"name":"wp","href":"https:\/\/api.w.org\/{rel}","templated":true}]}}