{"id":13218,"date":"2020-01-16T08:29:39","date_gmt":"2020-01-16T08:29:39","guid":{"rendered":"http:\/\/www.friaguinee.net\/?p=13218"},"modified":"2020-01-16T08:29:43","modified_gmt":"2020-01-16T08:29:43","slug":"guinee-elections-legislatives-du-16-fevrier-la-campagne-electorale-souvre-ce-jeudi-16-janvier-decret","status":"publish","type":"post","link":"http:\/\/www.friaguinee.net\/index.php\/2020\/01\/16\/guinee-elections-legislatives-du-16-fevrier-la-campagne-electorale-souvre-ce-jeudi-16-janvier-decret\/","title":{"rendered":"Guin\u00e9e\/\u00c9lections l\u00e9gislatives du 16 f\u00e9vrier: la campagne \u00e9lectorale s&rsquo;ouvre ce jeudi 16 janvier  (D\u00e9cret)"},"content":{"rendered":"\n<p> A travers un d\u00e9cret lu ce mercredi soir sur les ondes de la RTG, le Pr\u00e9sident Alpha Conde vient d&rsquo;annoncer officiellement l&rsquo;ouverture des campagnes pour les \u00e9lections l\u00e9gislatives pr\u00e9vues le 16 f\u00e9vrier prochain.<br> Ci-dessous le contenu d\u00e9duit d\u00e9cret :<\/p>\n\n\n\n<p>Vue la constitution, le Pr\u00e9sident de la R\u00e9publique d\u00e9cr\u00e8te:<\/p>\n\n\n\n<p> Article 1er: la campagne pour les \u00e9lections l\u00e9gislatives s&rsquo;ouvrent ce jeudi 16 janvier \u00e0 minuit et prend fin le vendredi 14 f\u00e9vrier 2020 \u00e0 minuit.<\/p>\n\n\n\n<p>Article 2: le Ministre d&rsquo;\u00c9tat, Ministre de la justice et gardes de sceaux, le Pr\u00e9sident de la CENI, le Ministre de l&rsquo;\u00e9conomie et des finances, le Ministre de la S\u00e9curit\u00e9, sont appel\u00e9s chacun en ce qui lui concerne, \u00e0 l&rsquo;application strict du bon d\u00e9roulement de la campagne \u00e9lectorale des l\u00e9gislatives pr\u00e9vues ce 16 f\u00e9vrier.<\/p>\n\n\n\n<p>Article 3: le pr\u00e9sent d\u00e9cret prend effet \u00e0 compter de sa date de signature et publication au journal officiel de la r\u00e9publique.<\/p>\n\n\n\n<p>Conakry, le 15 janvier 2020<\/p>\n\n\n\n<p>Le Professeur Alpha Cond\u00e9, pr\u00e9sident de la R\u00e9publique de Guin\u00e9e, chef de l&rsquo;\u00c9tat. <\/p>\n","protected":false},"excerpt":{"rendered":"<p>A travers un d\u00e9cret lu ce mercredi soir sur les ondes de la RTG, le Pr\u00e9sident Alpha Conde vient d&rsquo;annoncer officiellement l&rsquo;ouverture des campagnes pour les \u00e9lections l\u00e9gislatives pr\u00e9vues le 16 f\u00e9vrier prochain. Ci-dessous le contenu d\u00e9duit d\u00e9cret : Vue la constitution, le Pr\u00e9sident de la R\u00e9publique d\u00e9cr\u00e8te: Article 1er: la campagne pour les \u00e9lections [&hellip;]<\/p>\n","protected":false},"author":2,"featured_media":8022,"comment_status":"open","ping_status":"open","sticky":false,"template":"","format":"standard","meta":{"footnotes":""},"categories":[2],"tags":[293,173,1601,148,473],"class_list":["post-13218","post","type-post","status-publish","format-standard","has-post-thumbnail","hentry","category-actualites","tag-alpha-conde","tag-campagne","tag-elections-legislatives","tag-guinee","tag-ouverture"],"_links":{"self":[{"href":"http:\/\/www.friaguinee.net\/index.php\/wp-json\/wp\/v2\/posts\/13218","targetHints":{"allow":["GET"]}}],"collection":[{"href":"http:\/\/www.friaguinee.net\/index.php\/wp-json\/wp\/v2\/posts"}],"about":[{"href":"http:\/\/www.friaguinee.net\/index.php\/wp-json\/wp\/v2\/types\/post"}],"author":[{"embeddable":true,"href":"http:\/\/www.friaguinee.net\/index.php\/wp-json\/wp\/v2\/users\/2"}],"replies":[{"embeddable":true,"href":"http:\/\/www.friaguinee.net\/index.php\/wp-json\/wp\/v2\/comments?post=13218"}],"version-history":[{"count":1,"href":"http:\/\/www.friaguinee.net\/index.php\/wp-json\/wp\/v2\/posts\/13218\/revisions"}],"predecessor-version":[{"id":13219,"href":"http:\/\/www.friaguinee.net\/index.php\/wp-json\/wp\/v2\/posts\/13218\/revisions\/13219"}],"wp:featuredmedia":[{"embeddable":true,"href":"http:\/\/www.friaguinee.net\/index.php\/wp-json\/wp\/v2\/media\/8022"}],"wp:attachment":[{"href":"http:\/\/www.friaguinee.net\/index.php\/wp-json\/wp\/v2\/media?parent=13218"}],"wp:term":[{"taxonomy":"category","embeddable":true,"href":"http:\/\/www.friaguinee.net\/index.php\/wp-json\/wp\/v2\/categories?post=13218"},{"taxonomy":"post_tag","embeddable":true,"href":"http:\/\/www.friaguinee.net\/index.php\/wp-json\/wp\/v2\/tags?post=13218"}],"curies":[{"name":"wp","href":"https:\/\/api.w.org\/{rel}","templated":true}]}}