{"id":12892,"date":"2019-12-26T15:51:44","date_gmt":"2019-12-26T15:51:44","guid":{"rendered":"http:\/\/www.friaguinee.net\/?p=12892"},"modified":"2019-12-26T15:51:51","modified_gmt":"2019-12-26T15:51:51","slug":"fria-soixante-enseignants-de-lelementaire-renforcent-leurs-capacites-en-francais-et-mathematiques","status":"publish","type":"post","link":"http:\/\/www.friaguinee.net\/index.php\/2019\/12\/26\/fria-soixante-enseignants-de-lelementaire-renforcent-leurs-capacites-en-francais-et-mathematiques\/","title":{"rendered":"Fria: soixante enseignants de l&rsquo;\u00e9l\u00e9mentaire renforcent leurs capacit\u00e9s en fran\u00e7ais et math\u00e9matiques"},"content":{"rendered":"\n<p>Initi\u00e9e par le Minist\u00e8re de l\u2019Education\nNationale et de l\u2019Alphab\u00e9tisation \u00e0 travers le service national de la formation\ncontinue du personnel enseignants avec l\u2019appui du budget national de\nd\u00e9veloppement des enseignants des \u00e9coles \u00e9l\u00e9mentaires vont \u00eatre form\u00e9s.<\/p>\n\n\n\n<p>A Fria, ce 60 enseignants et\nenseignantes de l\u2019\u00e9l\u00e9mentaire qui vont \u00eatre outill\u00e9s en technique de\nl\u2019enseignement du fran\u00e7ais et des math\u00e9matiques. <\/p>\n\n\n\n<figure class=\"wp-block-image is-resized\"><img loading=\"lazy\" decoding=\"async\" src=\"http:\/\/www.friaguinee.net\/wp-content\/uploads\/2019\/12\/forma.jpg\" alt=\"\" class=\"wp-image-12894\" width=\"551\" height=\"414\" srcset=\"http:\/\/www.friaguinee.net\/wp-content\/uploads\/2019\/12\/forma.jpg 373w, http:\/\/www.friaguinee.net\/wp-content\/uploads\/2019\/12\/forma-300x225.jpg 300w, http:\/\/www.friaguinee.net\/wp-content\/uploads\/2019\/12\/forma-80x60.jpg 80w, http:\/\/www.friaguinee.net\/wp-content\/uploads\/2019\/12\/forma-265x198.jpg 265w\" sizes=\"auto, (max-width: 551px) 100vw, 551px\" \/><\/figure>\n\n\n\n<p>Pour le charg\u00e9 de la formation\ncontinue \u00e0 la Direction pr\u00e9fectorale de l\u2019\u00e9ducation de Fria, cette formation s\u2019inscrit\ndans le cadre du respect de la lettre directive du 2 d\u00e9cembre 2019.<\/p>\n\n\n\n<p>\u00ab&nbsp;<strong><em>Pour le respect de la lettre\ndirective de la formation des enseignants du 2 d\u00e9cembre 2019 sign\u00e9e par le\nsecr\u00e9taire g\u00e9n\u00e9ral, soixante enseignants de l\u2019\u00e9l\u00e9mentaire, tous en situation de\nclasse et engag\u00e9s en 2017 sont convi\u00e9s \u00e0 cette session de formation en\npr\u00e9sentiel qui se d\u00e9roulera dans les conditions normales du 26 d\u00e9cembre 2019 au\n07 janvier 2020<\/em><\/strong>&nbsp;\u00bb a d\u00e9clar\u00e9 Abass Barry.<\/p>\n\n\n\n<p>&nbsp;Les objectifs vis\u00e9s dans ce cadre, est le\nrenforcement des capacit\u00e9s des enseignants en situation de classe. A cet effet,\nAbass Barry a exprim\u00e9 ses attentes.<\/p>\n\n\n\n<p>&nbsp;\u00ab&nbsp;<strong><em>Au sortir de cette rencontre d\u2019\u00e9changes,\nnous attendons une am\u00e9lioration galopante de l\u2019enseignement-apprentissage qui\naboutira \u00e0 l\u2019accroissement du taux de r\u00e9ussite de nos \u00e9l\u00e8ves dans nos \u00e9coles<\/em><\/strong>&nbsp;\u00bb\na-t-il ajout\u00e9.<\/p>\n\n\n\n<figure class=\"wp-block-image is-resized\"><img loading=\"lazy\" decoding=\"async\" src=\"http:\/\/www.friaguinee.net\/wp-content\/uploads\/2019\/12\/abass-barry.jpg\" alt=\"\" class=\"wp-image-12895\" width=\"591\" height=\"682\" srcset=\"http:\/\/www.friaguinee.net\/wp-content\/uploads\/2019\/12\/abass-barry.jpg 280w, http:\/\/www.friaguinee.net\/wp-content\/uploads\/2019\/12\/abass-barry-260x300.jpg 260w\" sizes=\"auto, (max-width: 591px) 100vw, 591px\" \/><figcaption>ABASS BARRY<\/figcaption><\/figure>\n\n\n\n<p>Parmi les candidats, une forte\npr\u00e9sence des femmes est remarqu\u00e9e. Sur 60 convoqu\u00e9s, 42 femmes suivent cette\nformation qui se tient \u00e0 l\u2019\u00e9cole primaire Mahatma Gandhi.<\/p>\n\n\n\n<p><strong>Alimou Bah pour friaguinee.net<\/strong><strong><\/strong><\/p>\n","protected":false},"excerpt":{"rendered":"<p>Initi\u00e9e par le Minist\u00e8re de l\u2019Education Nationale et de l\u2019Alphab\u00e9tisation \u00e0 travers le service national de la formation continue du personnel enseignants avec l\u2019appui du budget national de d\u00e9veloppement des enseignants des \u00e9coles \u00e9l\u00e9mentaires vont \u00eatre form\u00e9s. A Fria, ce 60 enseignants et enseignantes de l\u2019\u00e9l\u00e9mentaire qui vont \u00eatre outill\u00e9s en technique de l\u2019enseignement du [&hellip;]<\/p>\n","protected":false},"author":2,"featured_media":12893,"comment_status":"open","ping_status":"open","sticky":false,"template":"","format":"standard","meta":{"footnotes":""},"categories":[5],"tags":[219,194,49],"class_list":["post-12892","post","type-post","status-publish","format-standard","has-post-thumbnail","hentry","category-education","tag-enseignants","tag-formation","tag-fria"],"_links":{"self":[{"href":"http:\/\/www.friaguinee.net\/index.php\/wp-json\/wp\/v2\/posts\/12892","targetHints":{"allow":["GET"]}}],"collection":[{"href":"http:\/\/www.friaguinee.net\/index.php\/wp-json\/wp\/v2\/posts"}],"about":[{"href":"http:\/\/www.friaguinee.net\/index.php\/wp-json\/wp\/v2\/types\/post"}],"author":[{"embeddable":true,"href":"http:\/\/www.friaguinee.net\/index.php\/wp-json\/wp\/v2\/users\/2"}],"replies":[{"embeddable":true,"href":"http:\/\/www.friaguinee.net\/index.php\/wp-json\/wp\/v2\/comments?post=12892"}],"version-history":[{"count":2,"href":"http:\/\/www.friaguinee.net\/index.php\/wp-json\/wp\/v2\/posts\/12892\/revisions"}],"predecessor-version":[{"id":12897,"href":"http:\/\/www.friaguinee.net\/index.php\/wp-json\/wp\/v2\/posts\/12892\/revisions\/12897"}],"wp:featuredmedia":[{"embeddable":true,"href":"http:\/\/www.friaguinee.net\/index.php\/wp-json\/wp\/v2\/media\/12893"}],"wp:attachment":[{"href":"http:\/\/www.friaguinee.net\/index.php\/wp-json\/wp\/v2\/media?parent=12892"}],"wp:term":[{"taxonomy":"category","embeddable":true,"href":"http:\/\/www.friaguinee.net\/index.php\/wp-json\/wp\/v2\/categories?post=12892"},{"taxonomy":"post_tag","embeddable":true,"href":"http:\/\/www.friaguinee.net\/index.php\/wp-json\/wp\/v2\/tags?post=12892"}],"curies":[{"name":"wp","href":"https:\/\/api.w.org\/{rel}","templated":true}]}}