{"id":12716,"date":"2019-12-17T18:50:14","date_gmt":"2019-12-17T18:50:14","guid":{"rendered":"http:\/\/www.friaguinee.net\/?p=12716"},"modified":"2019-12-17T18:50:43","modified_gmt":"2019-12-17T18:50:43","slug":"conakry-alpha-conde-preside-la-ceremonie-douverture-de-la-senacip","status":"publish","type":"post","link":"http:\/\/www.friaguinee.net\/index.php\/2019\/12\/17\/conakry-alpha-conde-preside-la-ceremonie-douverture-de-la-senacip\/","title":{"rendered":"Conakry: Alpha Cond\u00e9 pr\u00e9side la c\u00e9r\u00e9monie d&rsquo;ouverture de la SENACIP"},"content":{"rendered":"\n<p>Le pr\u00e9sident de la R\u00e9publique, son Excellence le professeur Alpha Cond\u00e9, a pr\u00e9sid\u00e9, ce mardi 17 d\u00e9cembre 2019, \u00e0 l\u2019Universit\u00e9 Gamal Abdel Nasser de Conakry, la c\u00e9r\u00e9monie d\u2019ouverture de la 4\u00e8me \u00e9dition de la semaine nationale de la citoyennet\u00e9 et de la paix (SENACIP).<\/p>\n\n\n\n<p>Le th\u00e8me principal de cette \u00e9dition est: \u00ab droit et devoir des citoyens, usez de vos droits, faites vos devoirs \u00bb.<\/p>\n\n\n\n<p>La semaine nationale de la citoyennet\u00e9 et de la paix (SENACIP)institu\u00e9e par la Loi L\/2016\/038\/AN du 28 juillet 2016 et consacr\u00e9e \u00ab \u00e0 la promotion de la citoyennet\u00e9, de la culture de la paix et de la coh\u00e9sion sociale vise \u00e0 :<br> \u2013 consolider la d\u00e9mocratie, l\u2019Etat de droit et la culture de la paix;<br> \u2013 promouvoir une citoyennet\u00e9 responsable aupr\u00e8s des populations guin\u00e9ennes ;<br> \u2013 sensibiliser les populations sur le respect des valeurs cardinales du savoir vivre ensemble;<br> \u2013 renforcer la prise  de conscience des diff\u00e9rents acteurs et de la population sur l\u2019importance strat\u00e9gique de la citoyennet\u00e9 et de la paix pour le d\u00e9veloppement socio-\u00e9conomique de la Guin\u00e9e;<br> \u2013 renforcer le sens du respect de la chose publique \u00bb.<\/p>\n\n\n\n<p>CCPRG<\/p>\n","protected":false},"excerpt":{"rendered":"<p>Le pr\u00e9sident de la R\u00e9publique, son Excellence le professeur Alpha Cond\u00e9, a pr\u00e9sid\u00e9, ce mardi 17 d\u00e9cembre 2019, \u00e0 l\u2019Universit\u00e9 Gamal Abdel Nasser de Conakry, la c\u00e9r\u00e9monie d\u2019ouverture de la 4\u00e8me \u00e9dition de la semaine nationale de la citoyennet\u00e9 et de la paix (SENACIP). Le th\u00e8me principal de cette \u00e9dition est: \u00ab droit et devoir [&hellip;]<\/p>\n","protected":false},"author":2,"featured_media":12718,"comment_status":"open","ping_status":"open","sticky":false,"template":"","format":"standard","meta":{"footnotes":""},"categories":[2],"tags":[293],"class_list":["post-12716","post","type-post","status-publish","format-standard","has-post-thumbnail","hentry","category-actualites","tag-alpha-conde"],"_links":{"self":[{"href":"http:\/\/www.friaguinee.net\/index.php\/wp-json\/wp\/v2\/posts\/12716","targetHints":{"allow":["GET"]}}],"collection":[{"href":"http:\/\/www.friaguinee.net\/index.php\/wp-json\/wp\/v2\/posts"}],"about":[{"href":"http:\/\/www.friaguinee.net\/index.php\/wp-json\/wp\/v2\/types\/post"}],"author":[{"embeddable":true,"href":"http:\/\/www.friaguinee.net\/index.php\/wp-json\/wp\/v2\/users\/2"}],"replies":[{"embeddable":true,"href":"http:\/\/www.friaguinee.net\/index.php\/wp-json\/wp\/v2\/comments?post=12716"}],"version-history":[{"count":2,"href":"http:\/\/www.friaguinee.net\/index.php\/wp-json\/wp\/v2\/posts\/12716\/revisions"}],"predecessor-version":[{"id":12719,"href":"http:\/\/www.friaguinee.net\/index.php\/wp-json\/wp\/v2\/posts\/12716\/revisions\/12719"}],"wp:featuredmedia":[{"embeddable":true,"href":"http:\/\/www.friaguinee.net\/index.php\/wp-json\/wp\/v2\/media\/12718"}],"wp:attachment":[{"href":"http:\/\/www.friaguinee.net\/index.php\/wp-json\/wp\/v2\/media?parent=12716"}],"wp:term":[{"taxonomy":"category","embeddable":true,"href":"http:\/\/www.friaguinee.net\/index.php\/wp-json\/wp\/v2\/categories?post=12716"},{"taxonomy":"post_tag","embeddable":true,"href":"http:\/\/www.friaguinee.net\/index.php\/wp-json\/wp\/v2\/tags?post=12716"}],"curies":[{"name":"wp","href":"https:\/\/api.w.org\/{rel}","templated":true}]}}