{"id":12552,"date":"2019-12-10T08:30:27","date_gmt":"2019-12-10T08:30:27","guid":{"rendered":"http:\/\/www.friaguinee.net\/?p=12552"},"modified":"2019-12-10T08:30:29","modified_gmt":"2019-12-10T08:30:29","slug":"guinee-journee-internationale-des-droits-de-lhomme-le-gouvernement-se-dit-determine-a-faire-avancer-la-situation","status":"publish","type":"post","link":"http:\/\/www.friaguinee.net\/index.php\/2019\/12\/10\/guinee-journee-internationale-des-droits-de-lhomme-le-gouvernement-se-dit-determine-a-faire-avancer-la-situation\/","title":{"rendered":"Guin\u00e9e\/Journ\u00e9e internationale des Droits de l&rsquo;Homme: le gouvernement se dit d\u00e9termin\u00e9 \u00e0 faire avancer la situation"},"content":{"rendered":"\n<p>Le Premier ministre, Chef du Gouvernement a pr\u00e9sid\u00e9 les c\u00e9r\u00e9monies organis\u00e9es \u00e0 l\u2019occasion de la&nbsp;Journ\u00e9e Internationale des droits de l&rsquo;homme plac\u00e9e sous le th\u00e8me&nbsp;: \u00ab&nbsp;Les jeunes d\u00e9fendent les droits de l\u2019homme&nbsp;\u00bb.<\/p>\n\n\n\n<figure class=\"wp-block-image\"><img loading=\"lazy\" decoding=\"async\" width=\"720\" height=\"479\" src=\"http:\/\/www.friaguinee.net\/wp-content\/uploads\/2019\/12\/FB_IMG_1575965877156.jpg\" alt=\"\" class=\"wp-image-12553\" srcset=\"http:\/\/www.friaguinee.net\/wp-content\/uploads\/2019\/12\/FB_IMG_1575965877156.jpg 720w, http:\/\/www.friaguinee.net\/wp-content\/uploads\/2019\/12\/FB_IMG_1575965877156-300x200.jpg 300w, http:\/\/www.friaguinee.net\/wp-content\/uploads\/2019\/12\/FB_IMG_1575965877156-696x463.jpg 696w, http:\/\/www.friaguinee.net\/wp-content\/uploads\/2019\/12\/FB_IMG_1575965877156-631x420.jpg 631w\" sizes=\"auto, (max-width: 720px) 100vw, 720px\" \/><\/figure>\n\n\n\n<p>Cette&nbsp;Journ\u00e9e des droits de l\u2019homme est c\u00e9l\u00e9br\u00e9e chaque ann\u00e9e le 10 d\u00e9cembre, jour anniversaire de l\u2019adoption en 1948, par l\u2019Assembl\u00e9e g\u00e9n\u00e9rale des Nations Unies, de la&nbsp;<a href=\"https:\/\/www.un.org\/fr\/universal-declaration-human-rights\/index.html\">D\u00e9claration universelle des droits de l\u2019homme<\/a>.<\/p>\n\n\n\n<p>Ladite D\u00e9claration est un document fondateur qui a proclam\u00e9 les droits inali\u00e9nables de chaque individu en tant qu\u2019\u00eatre humain, sans distinction aucune, notamment de race, de couleur, de sexe, de langue, de religion, d\u2019opinion politique ou de toute autre opinion, d\u2019origine nationale ou sociale, de fortune, de naissance ou de toute autre situation.<\/p>\n\n\n\n<p>En Guin\u00e9e, la comm\u00e9moration de la Journ\u00e9e a \u00e9t\u00e9 une occasion de sensibilisation et de mobilisation de tous les acteurs pour faire la promotion des droits de l&rsquo;Homme.&nbsp;<\/p>\n\n\n\n<figure class=\"wp-block-image\"><img loading=\"lazy\" decoding=\"async\" width=\"720\" height=\"479\" src=\"http:\/\/www.friaguinee.net\/wp-content\/uploads\/2019\/12\/FB_IMG_1575966314952.jpg\" alt=\"\" class=\"wp-image-12554\" srcset=\"http:\/\/www.friaguinee.net\/wp-content\/uploads\/2019\/12\/FB_IMG_1575966314952.jpg 720w, http:\/\/www.friaguinee.net\/wp-content\/uploads\/2019\/12\/FB_IMG_1575966314952-300x200.jpg 300w, http:\/\/www.friaguinee.net\/wp-content\/uploads\/2019\/12\/FB_IMG_1575966314952-696x463.jpg 696w, http:\/\/www.friaguinee.net\/wp-content\/uploads\/2019\/12\/FB_IMG_1575966314952-631x420.jpg 631w\" sizes=\"auto, (max-width: 720px) 100vw, 720px\" \/><\/figure>\n\n\n\n<p>Prenant la parole, en cette circonstance, Patrice Vahard, au nom du Haut Commissaire des Nations Unies pour les droits de l\u2019Homme a rappel\u00e9 que parmi les nombreux d\u00e9fis en mati\u00e8re de droits de l\u2019homme qui se sont multipli\u00e9s au cours des deux premi\u00e8res d\u00e9cennies du XXIe si\u00e8cle, l\u2019urgence climatique mondiale repr\u00e9sente la menace la plus grave pour les droits de l\u2019homme \u00e0 l\u2019\u00e9chelle plan\u00e9taire depuis le deuxi\u00e8me guerre mondiale.&nbsp;&nbsp;<\/p>\n\n\n\n<p>S\u2019agissant du cas guin\u00e9en, Patrice Vahard a pr\u00e9cis\u00e9 que les jeunes ont des pr\u00e9occupations qui interpellent chaque acteur, car ils veulent avoir acc\u00e8s \u00e0 une \u00e9ducation et une formation de qualit\u00e9, et aspirent \u00e0 des emplois d\u00e9cents en particulier dans les secteurs porteurs comme celui des mines.<\/p>\n\n\n\n<figure class=\"wp-block-image\"><img loading=\"lazy\" decoding=\"async\" width=\"720\" height=\"479\" src=\"http:\/\/www.friaguinee.net\/wp-content\/uploads\/2019\/12\/FB_IMG_1575965896872.jpg\" alt=\"\" class=\"wp-image-12555\" srcset=\"http:\/\/www.friaguinee.net\/wp-content\/uploads\/2019\/12\/FB_IMG_1575965896872.jpg 720w, http:\/\/www.friaguinee.net\/wp-content\/uploads\/2019\/12\/FB_IMG_1575965896872-300x200.jpg 300w, http:\/\/www.friaguinee.net\/wp-content\/uploads\/2019\/12\/FB_IMG_1575965896872-696x463.jpg 696w, http:\/\/www.friaguinee.net\/wp-content\/uploads\/2019\/12\/FB_IMG_1575965896872-631x420.jpg 631w\" sizes=\"auto, (max-width: 720px) 100vw, 720px\" \/><\/figure>\n\n\n\n<p>De son cot\u00e9, le ministre de la Citoyennet\u00e9 et de l\u2019Unit\u00e9 nationale a estim\u00e9 que cette comm\u00e9moration est un jalon important dans l\u2019histoire de l\u2019humanit\u00e9. Pour Mamadou Taran Diallo, le th\u00e8me de cette ann\u00e9e est judicieux, parce qu\u2019il&nbsp;&nbsp;interpelle les jeunes porteurs de l\u2019avenir. D\u2019o\u00f9 \u00e9galement la n\u00e9cessit\u00e9 de qualifier leur formation et leur \u00e9ducation afin de leur permettre d\u2019assumer efficacement leur responsabilit\u00e9.<\/p>\n\n\n\n<p>Pour sa part, le Premier ministre, a indiqu\u00e9 que sa pr\u00e9sence \u00e0 cette journ\u00e9e comm\u00e9morative d\u00e9montre la&nbsp;d\u00e9termination de son Gouvernement \u00e0 faire avancer la situation des droits de l\u2019homme en Guin\u00e9e.<\/p>\n\n\n\n<figure class=\"wp-block-image\"><img loading=\"lazy\" decoding=\"async\" width=\"720\" height=\"479\" src=\"http:\/\/www.friaguinee.net\/wp-content\/uploads\/2019\/12\/FB_IMG_1575965890492.jpg\" alt=\"\" class=\"wp-image-12556\" srcset=\"http:\/\/www.friaguinee.net\/wp-content\/uploads\/2019\/12\/FB_IMG_1575965890492.jpg 720w, http:\/\/www.friaguinee.net\/wp-content\/uploads\/2019\/12\/FB_IMG_1575965890492-300x200.jpg 300w, http:\/\/www.friaguinee.net\/wp-content\/uploads\/2019\/12\/FB_IMG_1575965890492-696x463.jpg 696w, http:\/\/www.friaguinee.net\/wp-content\/uploads\/2019\/12\/FB_IMG_1575965890492-631x420.jpg 631w\" sizes=\"auto, (max-width: 720px) 100vw, 720px\" \/><\/figure>\n\n\n\n<p>Dr Ibrahima Kassory Fofana, a ensuite soulign\u00e9 que le travail pour renforcer les droits de l\u2019homme est une partie int\u00e9grante du Programme de soci\u00e9t\u00e9 du Pr\u00e9sident de la R\u00e9publique, Pr Alpha Cond\u00e9 qui, depuis son accession \u00e0 la Magistrature supr\u00eame du pays fait faire des avanc\u00e9es importantes \u00e0 la promotion et \u00e0 la&nbsp;&nbsp;protection des droits de l\u2019homme en Guin\u00e9e. Et de citer le dispositif juridique et institutionnel dont le pays s\u2019est dot\u00e9 en mati\u00e8re des droits de l\u2019homme \u00e0 savoir&nbsp;: le code p\u00e9nal, le code de proc\u00e9dure p\u00e9nale, le code de l\u2019enfant, le code civil, le code de justice militaire, tous adapt\u00e9s aux exigences des temps modernes et de l\u2019\u00e9volution de la soci\u00e9t\u00e9.<\/p>\n\n\n\n<p>Pour finir, le Premier ministre, dira que le th\u00e8me de cette ann\u00e9e&nbsp;<em>\u00ab&nbsp;Jeunes d\u00e9fendez les droits de l\u2019homme&nbsp;\u00bb<\/em>&nbsp;trouve toute sa pertinence et sa port\u00e9e dans l\u2019action du gouvernement.<\/p>\n\n\n\n<p>CCP<\/p>\n","protected":false},"excerpt":{"rendered":"<p>Le Premier ministre, Chef du Gouvernement a pr\u00e9sid\u00e9 les c\u00e9r\u00e9monies organis\u00e9es \u00e0 l\u2019occasion de la&nbsp;Journ\u00e9e Internationale des droits de l&rsquo;homme plac\u00e9e sous le th\u00e8me&nbsp;: \u00ab&nbsp;Les jeunes d\u00e9fendent les droits de l\u2019homme&nbsp;\u00bb. Cette&nbsp;Journ\u00e9e des droits de l\u2019homme est c\u00e9l\u00e9br\u00e9e chaque ann\u00e9e le 10 d\u00e9cembre, jour anniversaire de l\u2019adoption en 1948, par l\u2019Assembl\u00e9e g\u00e9n\u00e9rale des Nations Unies, [&hellip;]<\/p>\n","protected":false},"author":2,"featured_media":12558,"comment_status":"open","ping_status":"open","sticky":false,"template":"","format":"standard","meta":{"footnotes":""},"categories":[2],"tags":[148,477],"class_list":["post-12552","post","type-post","status-publish","format-standard","has-post-thumbnail","hentry","category-actualites","tag-guinee","tag-journee"],"_links":{"self":[{"href":"http:\/\/www.friaguinee.net\/index.php\/wp-json\/wp\/v2\/posts\/12552","targetHints":{"allow":["GET"]}}],"collection":[{"href":"http:\/\/www.friaguinee.net\/index.php\/wp-json\/wp\/v2\/posts"}],"about":[{"href":"http:\/\/www.friaguinee.net\/index.php\/wp-json\/wp\/v2\/types\/post"}],"author":[{"embeddable":true,"href":"http:\/\/www.friaguinee.net\/index.php\/wp-json\/wp\/v2\/users\/2"}],"replies":[{"embeddable":true,"href":"http:\/\/www.friaguinee.net\/index.php\/wp-json\/wp\/v2\/comments?post=12552"}],"version-history":[{"count":2,"href":"http:\/\/www.friaguinee.net\/index.php\/wp-json\/wp\/v2\/posts\/12552\/revisions"}],"predecessor-version":[{"id":12559,"href":"http:\/\/www.friaguinee.net\/index.php\/wp-json\/wp\/v2\/posts\/12552\/revisions\/12559"}],"wp:featuredmedia":[{"embeddable":true,"href":"http:\/\/www.friaguinee.net\/index.php\/wp-json\/wp\/v2\/media\/12558"}],"wp:attachment":[{"href":"http:\/\/www.friaguinee.net\/index.php\/wp-json\/wp\/v2\/media?parent=12552"}],"wp:term":[{"taxonomy":"category","embeddable":true,"href":"http:\/\/www.friaguinee.net\/index.php\/wp-json\/wp\/v2\/categories?post=12552"},{"taxonomy":"post_tag","embeddable":true,"href":"http:\/\/www.friaguinee.net\/index.php\/wp-json\/wp\/v2\/tags?post=12552"}],"curies":[{"name":"wp","href":"https:\/\/api.w.org\/{rel}","templated":true}]}}