{"id":12484,"date":"2019-12-06T15:40:49","date_gmt":"2019-12-06T15:40:49","guid":{"rendered":"http:\/\/www.friaguinee.net\/?p=12484"},"modified":"2019-12-06T15:40:54","modified_gmt":"2019-12-06T15:40:54","slug":"guinee-la-date-de-la-tenue-du-festival-national-des-arts-et-de-la-culture-fenac-2019-est-connue","status":"publish","type":"post","link":"http:\/\/www.friaguinee.net\/index.php\/2019\/12\/06\/guinee-la-date-de-la-tenue-du-festival-national-des-arts-et-de-la-culture-fenac-2019-est-connue\/","title":{"rendered":"Guin\u00e9e: la date de la tenue du Festival National des Arts et de la Culture (FENAC 2019) est connue !"},"content":{"rendered":"\n<p>Sous le haut patronage de son excellence Monsieur le Pr\u00e9sident de la R\u00e9publique, Chef de l&rsquo;\u00c9tat Pr Alpha Cond\u00e9, le Ministre des sports, de la culture et du patrimoine historique, informe le Gouverneurs, les Pr\u00e9fets, les Maires, les Inspecteurs r\u00e9gionaux, les troupes artistiques, les hommes de culture, les populations de la tenue effective \u00e0 Conakry, du 16 au 19 d\u00e9cembre 2019, la 18\u00e9me  \u00e9dition du Festival National des Arts et de la Culture (FENAC), sous le th\u00e8me &lt;&lt;La consolidation de la paix &gt;&gt;.<\/p>\n\n\n\n<figure class=\"wp-block-image\"><img loading=\"lazy\" decoding=\"async\" width=\"720\" height=\"1015\" src=\"http:\/\/www.friaguinee.net\/wp-content\/uploads\/2019\/12\/FB_IMG_1575645454306-1.jpg\" alt=\"\" class=\"wp-image-12485\" srcset=\"http:\/\/www.friaguinee.net\/wp-content\/uploads\/2019\/12\/FB_IMG_1575645454306-1.jpg 720w, http:\/\/www.friaguinee.net\/wp-content\/uploads\/2019\/12\/FB_IMG_1575645454306-1-213x300.jpg 213w, http:\/\/www.friaguinee.net\/wp-content\/uploads\/2019\/12\/FB_IMG_1575645454306-1-696x981.jpg 696w, http:\/\/www.friaguinee.net\/wp-content\/uploads\/2019\/12\/FB_IMG_1575645454306-1-298x420.jpg 298w\" sizes=\"auto, (max-width: 720px) 100vw, 720px\" \/><\/figure>\n","protected":false},"excerpt":{"rendered":"<p>Sous le haut patronage de son excellence Monsieur le Pr\u00e9sident de la R\u00e9publique, Chef de l&rsquo;\u00c9tat Pr Alpha Cond\u00e9, le Ministre des sports, de la culture et du patrimoine historique, informe le Gouverneurs, les Pr\u00e9fets, les Maires, les Inspecteurs r\u00e9gionaux, les troupes artistiques, les hommes de culture, les populations de la tenue effective \u00e0 Conakry, [&hellip;]<\/p>\n","protected":false},"author":2,"featured_media":12487,"comment_status":"open","ping_status":"open","sticky":false,"template":"","format":"standard","meta":{"footnotes":""},"categories":[8],"tags":[799,1472,1471],"class_list":["post-12484","post","type-post","status-publish","format-standard","has-post-thumbnail","hentry","category-culture","tag-culture","tag-fenac","tag-festival"],"_links":{"self":[{"href":"http:\/\/www.friaguinee.net\/index.php\/wp-json\/wp\/v2\/posts\/12484","targetHints":{"allow":["GET"]}}],"collection":[{"href":"http:\/\/www.friaguinee.net\/index.php\/wp-json\/wp\/v2\/posts"}],"about":[{"href":"http:\/\/www.friaguinee.net\/index.php\/wp-json\/wp\/v2\/types\/post"}],"author":[{"embeddable":true,"href":"http:\/\/www.friaguinee.net\/index.php\/wp-json\/wp\/v2\/users\/2"}],"replies":[{"embeddable":true,"href":"http:\/\/www.friaguinee.net\/index.php\/wp-json\/wp\/v2\/comments?post=12484"}],"version-history":[{"count":2,"href":"http:\/\/www.friaguinee.net\/index.php\/wp-json\/wp\/v2\/posts\/12484\/revisions"}],"predecessor-version":[{"id":12488,"href":"http:\/\/www.friaguinee.net\/index.php\/wp-json\/wp\/v2\/posts\/12484\/revisions\/12488"}],"wp:featuredmedia":[{"embeddable":true,"href":"http:\/\/www.friaguinee.net\/index.php\/wp-json\/wp\/v2\/media\/12487"}],"wp:attachment":[{"href":"http:\/\/www.friaguinee.net\/index.php\/wp-json\/wp\/v2\/media?parent=12484"}],"wp:term":[{"taxonomy":"category","embeddable":true,"href":"http:\/\/www.friaguinee.net\/index.php\/wp-json\/wp\/v2\/categories?post=12484"},{"taxonomy":"post_tag","embeddable":true,"href":"http:\/\/www.friaguinee.net\/index.php\/wp-json\/wp\/v2\/tags?post=12484"}],"curies":[{"name":"wp","href":"https:\/\/api.w.org\/{rel}","templated":true}]}}