{"id":12327,"date":"2019-12-02T22:24:34","date_gmt":"2019-12-02T22:24:34","guid":{"rendered":"http:\/\/www.friaguinee.net\/?p=12327"},"modified":"2019-12-02T22:24:37","modified_gmt":"2019-12-02T22:24:37","slug":"fria-naissance-dun-collectif-pour-lutter-contre-la-pollution-a-la-poussiere-dalumine","status":"publish","type":"post","link":"http:\/\/www.friaguinee.net\/index.php\/2019\/12\/02\/fria-naissance-dun-collectif-pour-lutter-contre-la-pollution-a-la-poussiere-dalumine\/","title":{"rendered":"Fria: naissance d&rsquo;un collectif pour lutter contre la pollution \u00e0 la poussi\u00e8re d&rsquo;alumine"},"content":{"rendered":"\n<p>Dans le souci d&rsquo;interpeller la soci\u00e9t\u00e9 Rusal et les autorit\u00e9s locales \u00e0 faire face \u00e0  la pollution \u00e0 la poussi\u00e8re d&rsquo;alumine que conna\u00eet la ville de Fria depuis quelques semaines, un collectif a vu le jour ce lundi 2 d\u00e9cembre 2019.<\/p>\n\n\n\n<figure class=\"wp-block-image\"><img loading=\"lazy\" decoding=\"async\" width=\"720\" height=\"360\" src=\"http:\/\/www.friaguinee.net\/wp-content\/uploads\/2019\/12\/FB_IMG_1575319417642.jpg\" alt=\"\" class=\"wp-image-12330\" srcset=\"http:\/\/www.friaguinee.net\/wp-content\/uploads\/2019\/12\/FB_IMG_1575319417642.jpg 720w, http:\/\/www.friaguinee.net\/wp-content\/uploads\/2019\/12\/FB_IMG_1575319417642-300x150.jpg 300w, http:\/\/www.friaguinee.net\/wp-content\/uploads\/2019\/12\/FB_IMG_1575319417642-696x348.jpg 696w\" sizes=\"auto, (max-width: 720px) 100vw, 720px\" \/><\/figure>\n\n\n\n<p>Le Collectif des citoyens de Fria pour la lutte contre la pollution ( C.C.F.L.P) est le nom de cette structure constitu\u00e9e de citoyens \u00e9pris de justice sociale et soucieux de la sant\u00e9 publique.<\/p>\n\n\n\n<p>Lors de la premi\u00e8re rencontre des membres du collectif, des commissions ont \u00e9t\u00e9 constitu\u00e9es et des d\u00e9marches \u00e0 suivre \u00e9tablies.<\/p>\n\n\n\n<p>Selon le porte-parole, la cr\u00e9ation de ce collectif vise \u00e0  mettre une pression sur les autorit\u00e9s et la soci\u00e9t\u00e9 Rusal, en vue de mettre fin \u00e0 ce fl\u00e9au aux cons\u00e9quences n\u00e9fastes sur la sant\u00e9.<\/p>\n\n\n\n<p> \u00a0\u00bb <strong><em>C&rsquo;est un groupe de jeunes de Fria  qui a d\u00e9cid\u00e9 de se r\u00e9unir pour prendre son destin en main.\u00c7a fait plusieurs semaines que la ville est pollu\u00e9e par la poudre d&rsquo;alumine venant des installations de l&rsquo;usine Rusal au niveau de la production qui a pollu\u00e9 toute la ville et cela n&rsquo;est pas sans cons\u00e9quence sur la sant\u00e9 des citoyens puisse que nous avons approch\u00e9 des sp\u00e9cialistes en sant\u00e9 qui nous ont carr\u00e9ment dit qu&rsquo;en respirant l&rsquo;air, \u00e7a peut irriter les gorges, les poumons et peut occasionner des micros l\u00e9sions au niveau des poumons entra\u00eenant des complications respiratoires et m\u00eame canc\u00e9rig\u00e8nes. C&rsquo;est cette lenteur de Rusal pour rem\u00e9dier \u00e0 cette situation qui expose toute une population, plus de 120.000 habitants qui nous interpelle nous jeunes du collectif de prendre notre destin en main en rencontrant les autorit\u00e9s pr\u00e9fectorales, communales, les services techniques et de la direction pour que cette situation change<\/em><\/strong>\u00a0\u00bb a expliqu\u00e9 Alhassane A\u00efssatou Sylla.<\/p>\n\n\n\n<figure class=\"wp-block-image\"><img loading=\"lazy\" decoding=\"async\" width=\"768\" height=\"1024\" src=\"http:\/\/www.friaguinee.net\/wp-content\/uploads\/2019\/12\/received_2419016091649782-768x1024.jpeg\" alt=\"\" class=\"wp-image-12335\" srcset=\"http:\/\/www.friaguinee.net\/wp-content\/uploads\/2019\/12\/received_2419016091649782-768x1024.jpeg 768w, http:\/\/www.friaguinee.net\/wp-content\/uploads\/2019\/12\/received_2419016091649782-225x300.jpeg 225w, http:\/\/www.friaguinee.net\/wp-content\/uploads\/2019\/12\/received_2419016091649782-696x928.jpeg 696w, http:\/\/www.friaguinee.net\/wp-content\/uploads\/2019\/12\/received_2419016091649782-315x420.jpeg 315w, http:\/\/www.friaguinee.net\/wp-content\/uploads\/2019\/12\/received_2419016091649782.jpeg 864w\" sizes=\"auto, (max-width: 768px) 100vw, 768px\" \/><\/figure>\n\n\n\n<p>Poursuivant, le jeune acteur de la soci\u00e9t\u00e9 civile, indique que si rien n&rsquo;est fait pour arr\u00eater cette pollution d&rsquo;autres mesures seront prises par le collectif.<br> \u00a0\u00bb <strong><em>Nous allons demander tout simplement aux autorit\u00e9s locales, les services techniques et Rusal de faire tout pour arr\u00eater cette pollution sinon nous allons nous faire entendre par l&rsquo;organisation des sits in , des marches pacifiques si nous n&rsquo;avons pas satisfaction<\/em><\/strong>\u00a0\u00bb ajoute le porte-parole du collectif.<\/p>\n\n\n\n<figure class=\"wp-block-image\"><img loading=\"lazy\" decoding=\"async\" width=\"720\" height=\"540\" src=\"http:\/\/www.friaguinee.net\/wp-content\/uploads\/2019\/12\/FB_IMG_1575319394029.jpg\" alt=\"\" class=\"wp-image-12336\" srcset=\"http:\/\/www.friaguinee.net\/wp-content\/uploads\/2019\/12\/FB_IMG_1575319394029.jpg 720w, http:\/\/www.friaguinee.net\/wp-content\/uploads\/2019\/12\/FB_IMG_1575319394029-300x225.jpg 300w, http:\/\/www.friaguinee.net\/wp-content\/uploads\/2019\/12\/FB_IMG_1575319394029-80x60.jpg 80w, http:\/\/www.friaguinee.net\/wp-content\/uploads\/2019\/12\/FB_IMG_1575319394029-265x198.jpg 265w, http:\/\/www.friaguinee.net\/wp-content\/uploads\/2019\/12\/FB_IMG_1575319394029-696x522.jpg 696w, http:\/\/www.friaguinee.net\/wp-content\/uploads\/2019\/12\/FB_IMG_1575319394029-560x420.jpg 560w\" sizes=\"auto, (max-width: 720px) 100vw, 720px\" \/><\/figure>\n\n\n\n<p>A l&rsquo;en croire, le dernier recours du collectif des jeunes pour lutter contre la pollution, est d&rsquo;intenter une action judiciaire contre Rusal car selon lui, ce qui se passe \u00e0  Fria en ce moment, d\u00e9passe les imaginations et souligne que partout un \u00c9tat responsable existe, aucune soci\u00e9t\u00e9 mini\u00e8re ne peut se comporter de la sorte .<\/p>\n\n\n\n<p><strong>Friaguinee.net<\/strong> <\/p>\n\n\n\n<p><\/p>\n","protected":false},"excerpt":{"rendered":"<p>Dans le souci d&rsquo;interpeller la soci\u00e9t\u00e9 Rusal et les autorit\u00e9s locales \u00e0 faire face \u00e0 la pollution \u00e0 la poussi\u00e8re d&rsquo;alumine que conna\u00eet la ville de Fria depuis quelques semaines, un collectif a vu le jour ce lundi 2 d\u00e9cembre 2019. Le Collectif des citoyens de Fria pour la lutte contre la pollution ( C.C.F.L.P) [&hellip;]<\/p>\n","protected":false},"author":2,"featured_media":12329,"comment_status":"open","ping_status":"open","sticky":false,"template":"","format":"standard","meta":{"footnotes":""},"categories":[2,46],"tags":[1447],"class_list":["post-12327","post","type-post","status-publish","format-standard","has-post-thumbnail","hentry","category-actualites","category-environnement","tag-fria-pollution"],"_links":{"self":[{"href":"http:\/\/www.friaguinee.net\/index.php\/wp-json\/wp\/v2\/posts\/12327","targetHints":{"allow":["GET"]}}],"collection":[{"href":"http:\/\/www.friaguinee.net\/index.php\/wp-json\/wp\/v2\/posts"}],"about":[{"href":"http:\/\/www.friaguinee.net\/index.php\/wp-json\/wp\/v2\/types\/post"}],"author":[{"embeddable":true,"href":"http:\/\/www.friaguinee.net\/index.php\/wp-json\/wp\/v2\/users\/2"}],"replies":[{"embeddable":true,"href":"http:\/\/www.friaguinee.net\/index.php\/wp-json\/wp\/v2\/comments?post=12327"}],"version-history":[{"count":3,"href":"http:\/\/www.friaguinee.net\/index.php\/wp-json\/wp\/v2\/posts\/12327\/revisions"}],"predecessor-version":[{"id":12337,"href":"http:\/\/www.friaguinee.net\/index.php\/wp-json\/wp\/v2\/posts\/12327\/revisions\/12337"}],"wp:featuredmedia":[{"embeddable":true,"href":"http:\/\/www.friaguinee.net\/index.php\/wp-json\/wp\/v2\/media\/12329"}],"wp:attachment":[{"href":"http:\/\/www.friaguinee.net\/index.php\/wp-json\/wp\/v2\/media?parent=12327"}],"wp:term":[{"taxonomy":"category","embeddable":true,"href":"http:\/\/www.friaguinee.net\/index.php\/wp-json\/wp\/v2\/categories?post=12327"},{"taxonomy":"post_tag","embeddable":true,"href":"http:\/\/www.friaguinee.net\/index.php\/wp-json\/wp\/v2\/tags?post=12327"}],"curies":[{"name":"wp","href":"https:\/\/api.w.org\/{rel}","templated":true}]}}