{"id":12266,"date":"2019-11-29T18:16:15","date_gmt":"2019-11-29T18:16:15","guid":{"rendered":"http:\/\/www.friaguinee.net\/?p=12266"},"modified":"2019-11-29T18:16:16","modified_gmt":"2019-11-29T18:16:16","slug":"tribune-la-justice-guineenne-est-elle-independante-dans-sa-prise-de-decision-eugene-capi-balamou","status":"publish","type":"post","link":"http:\/\/www.friaguinee.net\/index.php\/2019\/11\/29\/tribune-la-justice-guineenne-est-elle-independante-dans-sa-prise-de-decision-eugene-capi-balamou\/","title":{"rendered":"[Tribune]: \u00a0\u00bb La justice Guin\u00e9enne est-elle ind\u00e9pendante dans sa prise de d\u00e9cision ? ( Eug\u00e8ne Capi Balamou ) ."},"content":{"rendered":"\n<p>Montesquieu dans l&rsquo;esprit des lois de 1748 relatait ceci : &lt;&lt; Pour qu&rsquo;on ne puisse en abuser du pouvoir, il faut que par la disposition des choses le pouvoir ar\u00eate le pouvoir &gt;&gt;.&nbsp;<br>Autrement-dit, la s\u00e9paration du pouvoir en d&rsquo;inverses cat\u00e9gories :&nbsp;<br>-Le pouvoir ex\u00e9cutif pour ex\u00e9cuter les d\u00e9cisions au sommet de la nation ;&nbsp;-Le pouvoir l\u00e9gislatif pour voter les textes de lois, d\u00e9fendre l&rsquo;int\u00e9r\u00eat du peuple ;-Le pouvoir judiciaire pour appliquer strictement les d\u00e9cisions de justice, dans la transparente.&nbsp;&nbsp;Plus loin, Montesquieu revient en affirmant cette assertion&nbsp; &nbsp;: &lt;&lt;&nbsp; il n&rsquo;y a point encore de libert\u00e9 si la puissance de juger n&rsquo;est pas s\u00e9par\u00e9e de la puissance l\u00e9gislative&nbsp; et de l&rsquo;ex\u00e9cutrice &gt;&gt; .&nbsp;<\/p>\n\n\n\n<p>Abordant dans le m\u00eame sens, le britannique Fran Baron, conseiller de l&rsquo;Assembl\u00e9e nationale&nbsp;r\u00e9v\u00e8le que : &lt;&lt; la th\u00e9orie de la s\u00e9paration des pouvoirs vise \u00e0 s\u00e9parer les diff\u00e9rentes fonctions de l&rsquo;\u00c9tat, afin de limiter l&rsquo;arbitraire et d&#8217;emp\u00eacher les&nbsp; abus li\u00e9s \u00e0 l&rsquo;exercice de missions souveraines &gt;&gt; .&nbsp;<br>Le Droit Guin\u00e9en .&nbsp;<br>Il est le droit appliqu\u00e9 au pays depuis son accession \u00e0 la souverainet\u00e9 nationale , le 02 Octobre 1958 .&nbsp;<br>Il est compos\u00e9 d&rsquo;une organisation juridictionnelle :<br>&#8211; Il comporte en son sein les juridictions ordinaires :&nbsp;<br>L&rsquo;article 1 de la loi L\/95\/021\/CTRN du 6 juin 1995 portant r\u00e9organisation de la justice en R\u00e9publique de Guin\u00e9e dispose que les juridictions de droit commun sont&nbsp;: la cour supr\u00eame,&nbsp;la justice de paix, les tribunaux de premi\u00e8re instance, et les cours d&rsquo;appel&nbsp; et la cour&nbsp;supr\u00eame&nbsp;.&nbsp;<br>La justice Guin\u00e9enne est caract\u00e9ris\u00e9e par l&rsquo;unit\u00e9 de juridiction ou le monisme juridictionnel .<br>Comparativement aux \u00c9tats Fran\u00e7ais et s\u00e9n\u00e9galais qui ont un syst\u00e8me de droit caract\u00e9ris\u00e9 par la dualit\u00e9 de juridiction&nbsp; ( c&rsquo;est \u00e0 dire le droit priv\u00e9 \u00e0 sa t\u00eate la cour de cassation sp\u00e9cifique \u00e0 ceux qui ont \u00e9tudi\u00e9 le droit priv\u00e9.Et enfin, le droit public \u00e0 sa t\u00eate le conseil d&rsquo;\u00c9tat, sp\u00e9cifique pour les juristes publicistes )&nbsp;<\/p>\n\n\n\n<p>Les Etats fran\u00e7ais et s\u00e9n\u00e9galais ont un syst\u00e8me juridique caract\u00e9ris\u00e9 par la dualit\u00e9 de droit(c\u2019est \u00e0 dire le droit priv\u00e9 \u00e0 sa t\u00eate la cour de cassation sp\u00e9cifique \u00e0 ceux qui ont \u00e9tudi\u00e9 le domaine du droit priv\u00e9.Et le droit public \u00e0 sa t\u00eate le conseil d\u2019Etat sp\u00e9cifique \u00e0 ceux qui ont \u00e9tudi\u00e9 le droit public).&nbsp;<\/p>\n\n\n\n<p>Ce mode de s\u00e9paration permet aux magistrats de pouvoir bien trancher les d\u00e9cisions de justice.&nbsp;<\/p>\n\n\n\n<p>En Guin\u00e9e&nbsp; avec l&rsquo;unit\u00e9 de juridiction, cela ne peut \u00eatre \u00e9vident \u00e0 ce que les d\u00e9cisions finales prises soient parfois correctes, car,&nbsp; le juge qui \u00e9tait cens\u00e9 rendre les d\u00e9cisions au niveau du droit priv\u00e9, se trouve aussi&nbsp; devant certaines situations du droit public .<\/p>\n\n\n\n<p>Ce dilemme pourrait cr\u00e9er d&rsquo;\u00e9normes difficult\u00e9s entre les justiciables qui, seraient confront\u00e9s aux d\u00e9cisions de justice .<\/p>\n\n\n\n<p>Certes, le chemin est encore loin \u00e0 affranchir, mais doter notre justice&nbsp; de moyens l\u00e9gaux, c&rsquo;est de pouvoir&nbsp; lib\u00e9rer les activit\u00e9s de ceux qui sont \u00e0 la t\u00e2che.&nbsp;<\/p>\n\n\n\n<p>Pour arriver, c&rsquo;est de mettre en place une dualit\u00e9 de juridiction en ad\u00e9quation avec les principes diversifiers, conform\u00e9ment \u00e0 aux nations comme&nbsp; l&rsquo;hexagone ( France ) et le S\u00e9n\u00e9gal voisin .<\/p>\n\n\n\n<p>Car, comme l&rsquo;affirmait&nbsp; &nbsp;Blaise Pascal : &lt;&lt; la justice sans la force est impuissante, la force sans la justice est tyrannique &gt;&gt; .&nbsp;<\/p>\n\n\n\n<p>La justice est la base solide&nbsp; de la r\u00e9alit\u00e9 dans chaque nations du monde .&nbsp;<\/p>\n\n\n\n<p>Eug\u00e8ne Capi Balamou, Journaliste Analyste Juridique&nbsp;<\/p>\n\n\n\n<p>Tel : 622 298 802\/ 655 437 268&nbsp;<\/p>\n\n\n\n<p><\/p>\n","protected":false},"excerpt":{"rendered":"<p>Montesquieu dans l&rsquo;esprit des lois de 1748 relatait ceci : &lt;&lt; Pour qu&rsquo;on ne puisse en abuser du pouvoir, il faut que par la disposition des choses le pouvoir ar\u00eate le pouvoir &gt;&gt;.&nbsp;Autrement-dit, la s\u00e9paration du pouvoir en d&rsquo;inverses cat\u00e9gories :&nbsp;-Le pouvoir ex\u00e9cutif pour ex\u00e9cuter les d\u00e9cisions au sommet de la nation ;&nbsp;-Le pouvoir l\u00e9gislatif [&hellip;]<\/p>\n","protected":false},"author":2,"featured_media":12268,"comment_status":"open","ping_status":"open","sticky":false,"template":"","format":"standard","meta":{"footnotes":""},"categories":[1270],"tags":[1429,1428,228,137,255,1430],"class_list":["post-12266","post","type-post","status-publish","format-standard","has-post-thumbnail","hentry","category-tribune","tag-balamou","tag-eugene","tag-guineenne","tag-independance","tag-justice","tag-tribune"],"_links":{"self":[{"href":"http:\/\/www.friaguinee.net\/index.php\/wp-json\/wp\/v2\/posts\/12266","targetHints":{"allow":["GET"]}}],"collection":[{"href":"http:\/\/www.friaguinee.net\/index.php\/wp-json\/wp\/v2\/posts"}],"about":[{"href":"http:\/\/www.friaguinee.net\/index.php\/wp-json\/wp\/v2\/types\/post"}],"author":[{"embeddable":true,"href":"http:\/\/www.friaguinee.net\/index.php\/wp-json\/wp\/v2\/users\/2"}],"replies":[{"embeddable":true,"href":"http:\/\/www.friaguinee.net\/index.php\/wp-json\/wp\/v2\/comments?post=12266"}],"version-history":[{"count":1,"href":"http:\/\/www.friaguinee.net\/index.php\/wp-json\/wp\/v2\/posts\/12266\/revisions"}],"predecessor-version":[{"id":12267,"href":"http:\/\/www.friaguinee.net\/index.php\/wp-json\/wp\/v2\/posts\/12266\/revisions\/12267"}],"wp:featuredmedia":[{"embeddable":true,"href":"http:\/\/www.friaguinee.net\/index.php\/wp-json\/wp\/v2\/media\/12268"}],"wp:attachment":[{"href":"http:\/\/www.friaguinee.net\/index.php\/wp-json\/wp\/v2\/media?parent=12266"}],"wp:term":[{"taxonomy":"category","embeddable":true,"href":"http:\/\/www.friaguinee.net\/index.php\/wp-json\/wp\/v2\/categories?post=12266"},{"taxonomy":"post_tag","embeddable":true,"href":"http:\/\/www.friaguinee.net\/index.php\/wp-json\/wp\/v2\/tags?post=12266"}],"curies":[{"name":"wp","href":"https:\/\/api.w.org\/{rel}","templated":true}]}}