{"id":12160,"date":"2019-11-25T12:21:28","date_gmt":"2019-11-25T12:21:28","guid":{"rendered":"http:\/\/www.friaguinee.net\/?p=12160"},"modified":"2019-11-25T12:21:30","modified_gmt":"2019-11-25T12:21:30","slug":"labe-qui-a-annonce-la-mort-dun-chef-de-quartier-a-la-radio-beta-fm","status":"publish","type":"post","link":"http:\/\/www.friaguinee.net\/index.php\/2019\/11\/25\/labe-qui-a-annonce-la-mort-dun-chef-de-quartier-a-la-radio-beta-fm\/","title":{"rendered":"Lab\u00e9: qui a annonc\u00e9 la mort d&rsquo;un chef de quartier \u00e0 la radio Beta FM ?"},"content":{"rendered":"\n<p>La radio BTA FM de Lab\u00e9 situ\u00e9e dans le quartier Mairie au centre-ville a \u00e9t\u00e9 la cible d&rsquo;une attaque ce dimanche 24 Novembre 2019 aux environs de 15 heures . <\/p>\n\n\n\n<figure class=\"wp-block-image\"><img loading=\"lazy\" decoding=\"async\" width=\"1024\" height=\"768\" src=\"http:\/\/www.friaguinee.net\/wp-content\/uploads\/2019\/11\/20191125_090156-1024x768.jpg\" alt=\"\" class=\"wp-image-12164\" srcset=\"http:\/\/www.friaguinee.net\/wp-content\/uploads\/2019\/11\/20191125_090156-1024x768.jpg 1024w, http:\/\/www.friaguinee.net\/wp-content\/uploads\/2019\/11\/20191125_090156-300x225.jpg 300w, http:\/\/www.friaguinee.net\/wp-content\/uploads\/2019\/11\/20191125_090156-768x576.jpg 768w, http:\/\/www.friaguinee.net\/wp-content\/uploads\/2019\/11\/20191125_090156-80x60.jpg 80w, http:\/\/www.friaguinee.net\/wp-content\/uploads\/2019\/11\/20191125_090156-265x198.jpg 265w, http:\/\/www.friaguinee.net\/wp-content\/uploads\/2019\/11\/20191125_090156-696x522.jpg 696w, http:\/\/www.friaguinee.net\/wp-content\/uploads\/2019\/11\/20191125_090156-1068x801.jpg 1068w, http:\/\/www.friaguinee.net\/wp-content\/uploads\/2019\/11\/20191125_090156-560x420.jpg 560w\" sizes=\"auto, (max-width: 1024px) 100vw, 1024px\" \/><\/figure>\n\n\n\n<p>Selon les informations, cela fait suite \u00e0 la diffusion d&rsquo;une information faisant \u00e9tat du dec\u00e8s du chef du quartier Mosqu\u00e9e malade et hospitalis\u00e9 \u00e0 conakry dans l&rsquo;\u00e9mission \u00ab\u00a0sanakouyagal\u00a0\u00bb de la dite radio . Une information qui a irrit\u00e9 les proches du concern\u00e9 qui ont aussit\u00f4t pris d&rsquo;assaut les locaux de la station pour apporter un dementi .<\/p>\n\n\n\n<p> Contrairement \u00e1 certaines informations qui font \u00e9tat de d\u00e9gats mat\u00e9riels importants, c&rsquo;est seulement quelques vitres au niveau de la r\u00e9daction qui ont pay\u00e9 les frais, aucun travailleur n&rsquo;\u00e9tait pr\u00e9sent sur les lieux au moment des faits et aucun \u00e9quipement de la radio n&rsquo;a \u00e9t\u00e9 touch\u00e9.<\/p>\n\n\n\n<figure class=\"wp-block-image\"><img loading=\"lazy\" decoding=\"async\" width=\"1024\" height=\"768\" src=\"http:\/\/www.friaguinee.net\/wp-content\/uploads\/2019\/11\/20191125_0900190-1-1024x768.jpg\" alt=\"\" class=\"wp-image-12165\" srcset=\"http:\/\/www.friaguinee.net\/wp-content\/uploads\/2019\/11\/20191125_0900190-1-1024x768.jpg 1024w, http:\/\/www.friaguinee.net\/wp-content\/uploads\/2019\/11\/20191125_0900190-1-300x225.jpg 300w, http:\/\/www.friaguinee.net\/wp-content\/uploads\/2019\/11\/20191125_0900190-1-768x576.jpg 768w, http:\/\/www.friaguinee.net\/wp-content\/uploads\/2019\/11\/20191125_0900190-1-80x60.jpg 80w, http:\/\/www.friaguinee.net\/wp-content\/uploads\/2019\/11\/20191125_0900190-1-265x198.jpg 265w, http:\/\/www.friaguinee.net\/wp-content\/uploads\/2019\/11\/20191125_0900190-1-696x522.jpg 696w, http:\/\/www.friaguinee.net\/wp-content\/uploads\/2019\/11\/20191125_0900190-1-1068x801.jpg 1068w, http:\/\/www.friaguinee.net\/wp-content\/uploads\/2019\/11\/20191125_0900190-1-560x420.jpg 560w\" sizes=\"auto, (max-width: 1024px) 100vw, 1024px\" \/><\/figure>\n\n\n\n<p> Dailleurs le PDG de la radio, Bah Thierno Amadou pr\u00e9cise que c&rsquo;est un auditeur qui aurait inform\u00e9\u00a0 hors micro l&rsquo;animateur principal de l&rsquo;\u00e9mission du d\u00e9c\u00e8s du chef quartier , ce dernier a son tour, a relay\u00e9 cette fausse information . <\/p>\n\n\n\n<p>Il faut noter qu&rsquo;au moment o\u00f9\u00a0 nous mettions cet article en ligne les programmes de la radio poursuivent leur cour normal.<\/p>\n\n\n\n<p><strong>De Lab\u00e9 Hassatou Sow pour Friaguinee.net<br><\/strong><\/p>\n","protected":false},"excerpt":{"rendered":"<p>La radio BTA FM de Lab\u00e9 situ\u00e9e dans le quartier Mairie au centre-ville a \u00e9t\u00e9 la cible d&rsquo;une attaque ce dimanche 24 Novembre 2019 aux environs de 15 heures . Selon les informations, cela fait suite \u00e0 la diffusion d&rsquo;une information faisant \u00e9tat du dec\u00e8s du chef du quartier Mosqu\u00e9e malade et hospitalis\u00e9 \u00e0 conakry [&hellip;]<\/p>\n","protected":false},"author":2,"featured_media":12166,"comment_status":"open","ping_status":"open","sticky":false,"template":"","format":"standard","meta":{"footnotes":""},"categories":[2],"tags":[],"class_list":["post-12160","post","type-post","status-publish","format-standard","has-post-thumbnail","hentry","category-actualites"],"_links":{"self":[{"href":"http:\/\/www.friaguinee.net\/index.php\/wp-json\/wp\/v2\/posts\/12160","targetHints":{"allow":["GET"]}}],"collection":[{"href":"http:\/\/www.friaguinee.net\/index.php\/wp-json\/wp\/v2\/posts"}],"about":[{"href":"http:\/\/www.friaguinee.net\/index.php\/wp-json\/wp\/v2\/types\/post"}],"author":[{"embeddable":true,"href":"http:\/\/www.friaguinee.net\/index.php\/wp-json\/wp\/v2\/users\/2"}],"replies":[{"embeddable":true,"href":"http:\/\/www.friaguinee.net\/index.php\/wp-json\/wp\/v2\/comments?post=12160"}],"version-history":[{"count":3,"href":"http:\/\/www.friaguinee.net\/index.php\/wp-json\/wp\/v2\/posts\/12160\/revisions"}],"predecessor-version":[{"id":12167,"href":"http:\/\/www.friaguinee.net\/index.php\/wp-json\/wp\/v2\/posts\/12160\/revisions\/12167"}],"wp:featuredmedia":[{"embeddable":true,"href":"http:\/\/www.friaguinee.net\/index.php\/wp-json\/wp\/v2\/media\/12166"}],"wp:attachment":[{"href":"http:\/\/www.friaguinee.net\/index.php\/wp-json\/wp\/v2\/media?parent=12160"}],"wp:term":[{"taxonomy":"category","embeddable":true,"href":"http:\/\/www.friaguinee.net\/index.php\/wp-json\/wp\/v2\/categories?post=12160"},{"taxonomy":"post_tag","embeddable":true,"href":"http:\/\/www.friaguinee.net\/index.php\/wp-json\/wp\/v2\/tags?post=12160"}],"curies":[{"name":"wp","href":"https:\/\/api.w.org\/{rel}","templated":true}]}}