{"id":12082,"date":"2019-11-22T08:52:52","date_gmt":"2019-11-22T08:52:52","guid":{"rendered":"http:\/\/www.friaguinee.net\/?p=12082"},"modified":"2019-11-22T08:52:55","modified_gmt":"2019-11-22T08:52:55","slug":"niger-bientot-le-changement-de-lhymne-national-apres-60-ans-dindependance","status":"publish","type":"post","link":"http:\/\/www.friaguinee.net\/index.php\/2019\/11\/22\/niger-bientot-le-changement-de-lhymne-national-apres-60-ans-dindependance\/","title":{"rendered":"Niger: bient\u00f4t le changement de l&rsquo;hymne national apr\u00e8s 60 ans d&rsquo;ind\u00e9pendance"},"content":{"rendered":"\n<p>Le Niger a d\u00e9cid\u00e9 de changer son hymne national, \u00ab La Nig\u00e9rienne \u00bb, adopt\u00e9 au lendemain de l&rsquo;ind\u00e9pendance en 1960, pour supprimer une allusion \u00e0 l&rsquo;ancien colonisateur fran\u00e7ais.<\/p>\n\n\n\n<p>\u00ab&nbsp;Il y a des parties de l\u2019hymne qui font \u00e0 l\u2019unanimit\u00e9 l\u2019objet de critiques. Il faut trouver un hymne qui puisse galvaniser la population, \u00eatre pour nous une sorte de cri de guerre pour toucher notre fibre patriotique&nbsp;\u00bb, a expliqu\u00e9 jeudi le ministre nig\u00e9rien de la Renaissance culturelle, Assoumana Malam Issa, \u00e0 la t\u00e9l\u00e9vision d\u2019\u00c9tat.<\/p>\n\n\n\n<p>Le ministre a fait l\u2019annonce \u00e0 l\u2019issue d\u2019un entretien entre\u00a0<a href=\"https:\/\/www.jeuneafrique.com\/mag\/814617\/politique\/mahamadou-issoufou-ma-decision-de-respecter-la-constitution-et-de-ne-pas-me-representer-est-irrevocable\/\">le pr\u00e9sident Mahamadou Issoufou<\/a>\u00a0et un Comit\u00e9 charg\u00e9 d\u2019\u00e9laborer le nouvel hymne. Ce\u00a0comit\u00e9 est \u00ab\u00a0compos\u00e9 de plusieurs membres du Gouvernement et d\u2019\u00e9minents experts rompus dans l\u2019\u00e9criture et la composition musicale\u00a0\u00bb, pr\u00e9cise un communiqu\u00e9 de la pr\u00e9sidence diffus\u00e9 jeudi.<\/p>\n\n\n\n<p>JEUNE AFRIQUE <\/p>\n","protected":false},"excerpt":{"rendered":"<p>Le Niger a d\u00e9cid\u00e9 de changer son hymne national, \u00ab La Nig\u00e9rienne \u00bb, adopt\u00e9 au lendemain de l&rsquo;ind\u00e9pendance en 1960, pour supprimer une allusion \u00e0 l&rsquo;ancien colonisateur fran\u00e7ais. \u00ab&nbsp;Il y a des parties de l\u2019hymne qui font \u00e0 l\u2019unanimit\u00e9 l\u2019objet de critiques. Il faut trouver un hymne qui puisse galvaniser la population, \u00eatre pour nous [&hellip;]<\/p>\n","protected":false},"author":2,"featured_media":12084,"comment_status":"open","ping_status":"open","sticky":false,"template":"","format":"standard","meta":{"footnotes":""},"categories":[42],"tags":[832,1389,964,1388],"class_list":["post-12082","post","type-post","status-publish","format-standard","has-post-thumbnail","hentry","category-afrique","tag-changement","tag-hymne","tag-national","tag-niger"],"_links":{"self":[{"href":"http:\/\/www.friaguinee.net\/index.php\/wp-json\/wp\/v2\/posts\/12082","targetHints":{"allow":["GET"]}}],"collection":[{"href":"http:\/\/www.friaguinee.net\/index.php\/wp-json\/wp\/v2\/posts"}],"about":[{"href":"http:\/\/www.friaguinee.net\/index.php\/wp-json\/wp\/v2\/types\/post"}],"author":[{"embeddable":true,"href":"http:\/\/www.friaguinee.net\/index.php\/wp-json\/wp\/v2\/users\/2"}],"replies":[{"embeddable":true,"href":"http:\/\/www.friaguinee.net\/index.php\/wp-json\/wp\/v2\/comments?post=12082"}],"version-history":[{"count":1,"href":"http:\/\/www.friaguinee.net\/index.php\/wp-json\/wp\/v2\/posts\/12082\/revisions"}],"predecessor-version":[{"id":12083,"href":"http:\/\/www.friaguinee.net\/index.php\/wp-json\/wp\/v2\/posts\/12082\/revisions\/12083"}],"wp:featuredmedia":[{"embeddable":true,"href":"http:\/\/www.friaguinee.net\/index.php\/wp-json\/wp\/v2\/media\/12084"}],"wp:attachment":[{"href":"http:\/\/www.friaguinee.net\/index.php\/wp-json\/wp\/v2\/media?parent=12082"}],"wp:term":[{"taxonomy":"category","embeddable":true,"href":"http:\/\/www.friaguinee.net\/index.php\/wp-json\/wp\/v2\/categories?post=12082"},{"taxonomy":"post_tag","embeddable":true,"href":"http:\/\/www.friaguinee.net\/index.php\/wp-json\/wp\/v2\/tags?post=12082"}],"curies":[{"name":"wp","href":"https:\/\/api.w.org\/{rel}","templated":true}]}}