{"id":11597,"date":"2019-10-31T09:03:16","date_gmt":"2019-10-31T09:03:16","guid":{"rendered":"http:\/\/www.friaguinee.net\/?p=11597"},"modified":"2019-10-31T09:03:54","modified_gmt":"2019-10-31T09:03:54","slug":"fria-40-journalistes-et-communicateurs-traditionnels-outilles-sur-initiative-de-friaguinee-net-avec-lappui-du-pnud","status":"publish","type":"post","link":"http:\/\/www.friaguinee.net\/index.php\/2019\/10\/31\/fria-40-journalistes-et-communicateurs-traditionnels-outilles-sur-initiative-de-friaguinee-net-avec-lappui-du-pnud\/","title":{"rendered":"Fria: 40 journalistes et communicateurs traditionnels outill\u00e9s sur initiative de friaguinee.net avec l&rsquo;appui du PNUD"},"content":{"rendered":"\n<p>L\u2019atelier de formation de 40 journalistes et communicateurs traditionnels de la pr\u00e9fecture de Fria, a pris ce mercredi 30 octobre 2019.<br>Initi\u00e9 par l\u2019administration g\u00e9n\u00e9rale du site friaguinee.net, cet atelier \u00e9tait ax\u00e9 sur le r\u00f4le des m\u00e9dias et des communicateurs traditionnels en p\u00e9riode \u00e9lectorale, et s\u2019inscrit dans le cadre de la mission d\u2019accompagnement \u00e0 la tenue d\u2019\u00e9lections libres et apais\u00e9es, que s\u2019est assign\u00e9e ce m\u00e9dia en ligne.<\/p>\n\n\n\n<figure class=\"wp-block-image\"><img loading=\"lazy\" decoding=\"async\" width=\"720\" height=\"540\" src=\"http:\/\/www.friaguinee.net\/wp-content\/uploads\/2019\/10\/FB_IMG_1572470177616-1.jpg\" alt=\"\" class=\"wp-image-11605\" srcset=\"http:\/\/www.friaguinee.net\/wp-content\/uploads\/2019\/10\/FB_IMG_1572470177616-1.jpg 720w, http:\/\/www.friaguinee.net\/wp-content\/uploads\/2019\/10\/FB_IMG_1572470177616-1-300x225.jpg 300w, http:\/\/www.friaguinee.net\/wp-content\/uploads\/2019\/10\/FB_IMG_1572470177616-1-80x60.jpg 80w, http:\/\/www.friaguinee.net\/wp-content\/uploads\/2019\/10\/FB_IMG_1572470177616-1-265x198.jpg 265w, http:\/\/www.friaguinee.net\/wp-content\/uploads\/2019\/10\/FB_IMG_1572470177616-1-696x522.jpg 696w, http:\/\/www.friaguinee.net\/wp-content\/uploads\/2019\/10\/FB_IMG_1572470177616-1-560x420.jpg 560w\" sizes=\"auto, (max-width: 720px) 100vw, 720px\" \/><\/figure>\n\n\n\n<p>A la fin de l&rsquo;atelier qui s&rsquo;est tenu pendant deux jours \u00e0 la biblioth\u00e8que pr\u00e9fectorale, l&rsquo;admininistratrice g\u00e9n\u00e9rale de friaguinee.net a remerci\u00e9 le Programme des Nations Unies pour le D\u00e9veloppement (PNUD), pour son appui technique et financier, avant de se r\u00e9jouir d&rsquo;avoir accompli un r\u00eave.<\/p>\n\n\n\n<p>&lt;&lt;<strong><em> Je remercie tout d&rsquo;abord le PNUD pour son appui technique et financier, sans lequel cet atelier n&rsquo;aurait pas eu lieu. Cet atelier est organis\u00e9 \u00e0 la suite d\u2019un constat selon lequel les journalistes locaux ne b\u00e9n\u00e9ficient pas de formation et c\u2019est ce qui m&rsquo;a amen\u00e9&nbsp; \u00e0 initier un tel atelier. En p\u00e9riode \u00e9lectorale, qui est un moment tr\u00e8s sensible pendant lequel les m\u00e9dias sont sollicit\u00e9s par les uns et les autres, c\u2019est aussi les moments o\u00f9 les m\u00e9dias doivent faire preuve de responsabilit\u00e9 dans leurs communications.\u00c0 la sortie de cet atelier c&rsquo;est un sentiment de satisfaction qui m\u2019anime car l&rsquo;objectif a \u00e9t\u00e9 atteint, celui de renforcer les capacit\u00e9s des m\u00e9dias locaux et des communicateurs traditionnels, mais aussi un sentiment d\u2019avoir accompli une mission que je me suis assign\u00e9e d\u00e8s au d\u00e9part car pour moi friaguinee.net, ne doit pas seulement \u00eatre qu\u2019un m\u00e9dia qui diffuse des informations, mais un m\u00e9dia au service de la communaut\u00e9 et surtout de nos amis journalistes<\/em><\/strong>\u00a0\u00bb a signifi\u00e9 Madame Gueye Dj\u00e9nabou Batco Diallo avant d&rsquo;inviter les participants \u00e0 utiliser \u00e0 bon escient, les connaissances acquises pendant cet atelier.<\/p>\n\n\n\n<figure class=\"wp-block-image\"><img loading=\"lazy\" decoding=\"async\" width=\"720\" height=\"540\" src=\"http:\/\/www.friaguinee.net\/wp-content\/uploads\/2019\/10\/FB_IMG_1572470241179-1.jpg\" alt=\"\" class=\"wp-image-11606\" srcset=\"http:\/\/www.friaguinee.net\/wp-content\/uploads\/2019\/10\/FB_IMG_1572470241179-1.jpg 720w, http:\/\/www.friaguinee.net\/wp-content\/uploads\/2019\/10\/FB_IMG_1572470241179-1-300x225.jpg 300w, http:\/\/www.friaguinee.net\/wp-content\/uploads\/2019\/10\/FB_IMG_1572470241179-1-80x60.jpg 80w, http:\/\/www.friaguinee.net\/wp-content\/uploads\/2019\/10\/FB_IMG_1572470241179-1-265x198.jpg 265w, http:\/\/www.friaguinee.net\/wp-content\/uploads\/2019\/10\/FB_IMG_1572470241179-1-696x522.jpg 696w, http:\/\/www.friaguinee.net\/wp-content\/uploads\/2019\/10\/FB_IMG_1572470241179-1-560x420.jpg 560w\" sizes=\"auto, (max-width: 720px) 100vw, 720px\" \/><\/figure>\n\n\n\n<p>Le d\u00e9l\u00e9gu\u00e9 du PUND, \u00e9galement un des formateurs qui a largement outill\u00e9 les participants en communication en situation de crise et en analyse PESTEL, s&rsquo;est f\u00e9licit\u00e9 du niveau des participants et de la qualit\u00e9 des d\u00e9bats avant de les exhorter \u00e0 exercer leur m\u00e9tier avec responsabilit\u00e9.<\/p>\n\n\n\n<p>&nbsp;&lt;&lt; <strong><em>Je me r\u00e9joui du niveau des participants qui est au dessus de la moyenne et je suis s\u00fbr qu&rsquo;\u00e0 la sortie de cet atelier, vous \u00eates suffisamment outill\u00e9s pour exercer votre travail. Je vous adresse toutes mes f\u00e9licitations <\/em><\/strong>&gt;&gt; a d\u00e9clar\u00e9 Justin Morel Junior.<\/p>\n\n\n\n<figure class=\"wp-block-image\"><img loading=\"lazy\" decoding=\"async\" width=\"1024\" height=\"768\" src=\"http:\/\/www.friaguinee.net\/wp-content\/uploads\/2019\/10\/20191029_095519-1-1024x768.jpg\" alt=\"\" class=\"wp-image-11609\" srcset=\"http:\/\/www.friaguinee.net\/wp-content\/uploads\/2019\/10\/20191029_095519-1-1024x768.jpg 1024w, http:\/\/www.friaguinee.net\/wp-content\/uploads\/2019\/10\/20191029_095519-1-300x225.jpg 300w, http:\/\/www.friaguinee.net\/wp-content\/uploads\/2019\/10\/20191029_095519-1-768x576.jpg 768w, http:\/\/www.friaguinee.net\/wp-content\/uploads\/2019\/10\/20191029_095519-1-80x60.jpg 80w, http:\/\/www.friaguinee.net\/wp-content\/uploads\/2019\/10\/20191029_095519-1-265x198.jpg 265w, http:\/\/www.friaguinee.net\/wp-content\/uploads\/2019\/10\/20191029_095519-1-696x522.jpg 696w, http:\/\/www.friaguinee.net\/wp-content\/uploads\/2019\/10\/20191029_095519-1-1068x801.jpg 1068w, http:\/\/www.friaguinee.net\/wp-content\/uploads\/2019\/10\/20191029_095519-1-560x420.jpg 560w\" sizes=\"auto, (max-width: 1024px) 100vw, 1024px\" \/><\/figure>\n\n\n\n<p>Quant au Maire de la commune urbaine, il a au nom de la commune, remerci\u00e9 le PUND et f\u00e9licit\u00e9 les acteurs des diff\u00e9rents m\u00e9dias et communicateurs ayant pris part \u00e0 cet atelier.<\/p>\n\n\n\n<p>&lt;&lt; <strong><em>Je n&rsquo;ai pas beaucoup \u00e0 dire du moment o\u00f9 j&rsquo;\u00e9tais tr\u00e8s ravi le jour du lancement de cet atelier,\u00a0 dans la mesure o\u00f9 je sens que vous\u00a0 avez \u00e9t\u00e9 bien outill\u00e9s \u00e0 travers les diff\u00e9rents modules trait\u00e9s. Je suis d\u2019autant plus satisfait quand j\u2019apprends de vous et repris par l\u2019auteur lui m\u00eame Mr Justin Morel Junior, que vous \u00eates au dessus de la moyenne,\u00a0 je ne peux dire que merci et merci <\/em><\/strong>>> a indiqu\u00e9 Elhadj Lansana Boffa Camara.<\/p>\n\n\n\n<figure class=\"wp-block-image\"><img loading=\"lazy\" decoding=\"async\" width=\"1024\" height=\"768\" src=\"http:\/\/www.friaguinee.net\/wp-content\/uploads\/2019\/10\/20191029_095511-1024x768.jpg\" alt=\"\" class=\"wp-image-11611\" srcset=\"http:\/\/www.friaguinee.net\/wp-content\/uploads\/2019\/10\/20191029_095511-1024x768.jpg 1024w, http:\/\/www.friaguinee.net\/wp-content\/uploads\/2019\/10\/20191029_095511-300x225.jpg 300w, http:\/\/www.friaguinee.net\/wp-content\/uploads\/2019\/10\/20191029_095511-768x576.jpg 768w, http:\/\/www.friaguinee.net\/wp-content\/uploads\/2019\/10\/20191029_095511-80x60.jpg 80w, http:\/\/www.friaguinee.net\/wp-content\/uploads\/2019\/10\/20191029_095511-265x198.jpg 265w, http:\/\/www.friaguinee.net\/wp-content\/uploads\/2019\/10\/20191029_095511-696x522.jpg 696w, http:\/\/www.friaguinee.net\/wp-content\/uploads\/2019\/10\/20191029_095511-1068x801.jpg 1068w, http:\/\/www.friaguinee.net\/wp-content\/uploads\/2019\/10\/20191029_095511-560x420.jpg 560w\" sizes=\"auto, (max-width: 1024px) 100vw, 1024px\" \/><\/figure>\n\n\n\n<p>Le secr\u00e9taire g\u00e9n\u00e9ral charg\u00e9 des affaires administratives, repr\u00e9sentant Madame le Pr\u00e9fet \u00e0 cette cl\u00f4ture, a pass\u00e9 ses encouragements au partenaire PNUD pour le soutien apport\u00e9 pour la r\u00e9alisation de cet atelier avant d&rsquo;inviter les journalistes et communicateurs traditionnels \u00e0 mettre en \u0153uvre, la formation re\u00e7ue.<\/p>\n\n\n\n<p>&lt;&lt; <strong><em>Devant le ma\u00eetre de la parole il est difficile de prendre la parole, lorsqu&rsquo;un \u00e9minent cadre de la classe de Mr Justin Morel&nbsp; Junior parle, vous comprendrez qu\u2019il est difficile de parler. Je vous demande de vous approprier de ce que vous avez b\u00e9n\u00e9fici\u00e9 car il ne s\u2019agit pas de lire des beaux discours et sortir dire du n\u2019importe quoi , vous devez \u00eatre le reflet des th\u00e9matiques assimil\u00e9es ici, vous devez \u00eatre des vrais communicateurs sans modification sans h\u00e9sitation, le journaliste est le miroir de l\u2019esprit humain , vous savez que notre pays se nourrit de l\u2019information comme tous les autres mais les niveaux de compr\u00e9hension ne sont pas les m\u00eamrs, donc c&rsquo;est vous qui pouvez relever le d\u00e9fi.Vous journalistes ,vous communicateurs traditionnels, vous avez du pain sur la planche, vous \u00eates mieux \u00e9cout\u00e9s dans ce pays, alors prenez acte de cette formation et nous remercions le partenaire et lui demandons de temps \u00e0 autre de revenir pour nous assister dans la formation et je vous souhaite de m\u00e9riter la note que vous avez eu <\/em><\/strong>&gt;&gt; a dit Alpha Mamoudou Diallo&nbsp;&nbsp;avant de d\u00e9clarer clos ledit atelier.<\/p>\n\n\n\n<figure class=\"wp-block-image\"><img loading=\"lazy\" decoding=\"async\" width=\"720\" height=\"540\" src=\"http:\/\/www.friaguinee.net\/wp-content\/uploads\/2019\/10\/FB_IMG_1572509737093.jpg\" alt=\"\" class=\"wp-image-11607\" srcset=\"http:\/\/www.friaguinee.net\/wp-content\/uploads\/2019\/10\/FB_IMG_1572509737093.jpg 720w, http:\/\/www.friaguinee.net\/wp-content\/uploads\/2019\/10\/FB_IMG_1572509737093-300x225.jpg 300w, http:\/\/www.friaguinee.net\/wp-content\/uploads\/2019\/10\/FB_IMG_1572509737093-80x60.jpg 80w, http:\/\/www.friaguinee.net\/wp-content\/uploads\/2019\/10\/FB_IMG_1572509737093-265x198.jpg 265w, http:\/\/www.friaguinee.net\/wp-content\/uploads\/2019\/10\/FB_IMG_1572509737093-696x522.jpg 696w, http:\/\/www.friaguinee.net\/wp-content\/uploads\/2019\/10\/FB_IMG_1572509737093-560x420.jpg 560w\" sizes=\"auto, (max-width: 720px) 100vw, 720px\" \/><\/figure>\n\n\n\n<p>Tous les participants interrog\u00e9s ont tous appr\u00e9ci\u00e9 la qualit\u00e9 de la prestation des formateurs et ont promis d&rsquo;\u00eatre des portes voix aupr\u00e8s de leurs coll\u00e8gues absents \u00e0 cet atelier.<\/p>\n\n\n\n<p>Pendant deux jours, ces\u00a0journalistes et communicateurs traditionnels, ont b\u00e9n\u00e9fici\u00e9 d\u2019une formation aux principes de base d\u2019une couverture m\u00e9diatique et d\u2019une communication responsable en situation de crise, l&rsquo;analyse PESTEL, la prevention et la gestion des conflits avant, pendant, et apr\u00e8s les \u00e9lections, ainsi que le cadre l\u00e9gal.<\/p>\n\n\n\n<p><strong><em>Alimou Bah pour friaguinee.net\u00a0<\/em><\/strong><\/p>\n","protected":false},"excerpt":{"rendered":"<p>L\u2019atelier de formation de 40 journalistes et communicateurs traditionnels de la pr\u00e9fecture de Fria, a pris ce mercredi 30 octobre 2019.Initi\u00e9 par l\u2019administration g\u00e9n\u00e9rale du site friaguinee.net, cet atelier \u00e9tait ax\u00e9 sur le r\u00f4le des m\u00e9dias et des communicateurs traditionnels en p\u00e9riode \u00e9lectorale, et s\u2019inscrit dans le cadre de la mission d\u2019accompagnement \u00e0 la tenue [&hellip;]<\/p>\n","protected":false},"author":2,"featured_media":11603,"comment_status":"open","ping_status":"open","sticky":false,"template":"","format":"standard","meta":{"footnotes":""},"categories":[9],"tags":[1306,76,194,49,915,1305],"class_list":["post-11597","post","type-post","status-publish","format-standard","has-post-thumbnail","hentry","category-publireportage","tag-communicateurs-traditionnels","tag-elections","tag-formation","tag-fria","tag-journalistes","tag-justin-morel"],"_links":{"self":[{"href":"http:\/\/www.friaguinee.net\/index.php\/wp-json\/wp\/v2\/posts\/11597","targetHints":{"allow":["GET"]}}],"collection":[{"href":"http:\/\/www.friaguinee.net\/index.php\/wp-json\/wp\/v2\/posts"}],"about":[{"href":"http:\/\/www.friaguinee.net\/index.php\/wp-json\/wp\/v2\/types\/post"}],"author":[{"embeddable":true,"href":"http:\/\/www.friaguinee.net\/index.php\/wp-json\/wp\/v2\/users\/2"}],"replies":[{"embeddable":true,"href":"http:\/\/www.friaguinee.net\/index.php\/wp-json\/wp\/v2\/comments?post=11597"}],"version-history":[{"count":3,"href":"http:\/\/www.friaguinee.net\/index.php\/wp-json\/wp\/v2\/posts\/11597\/revisions"}],"predecessor-version":[{"id":11612,"href":"http:\/\/www.friaguinee.net\/index.php\/wp-json\/wp\/v2\/posts\/11597\/revisions\/11612"}],"wp:featuredmedia":[{"embeddable":true,"href":"http:\/\/www.friaguinee.net\/index.php\/wp-json\/wp\/v2\/media\/11603"}],"wp:attachment":[{"href":"http:\/\/www.friaguinee.net\/index.php\/wp-json\/wp\/v2\/media?parent=11597"}],"wp:term":[{"taxonomy":"category","embeddable":true,"href":"http:\/\/www.friaguinee.net\/index.php\/wp-json\/wp\/v2\/categories?post=11597"},{"taxonomy":"post_tag","embeddable":true,"href":"http:\/\/www.friaguinee.net\/index.php\/wp-json\/wp\/v2\/tags?post=11597"}],"curies":[{"name":"wp","href":"https:\/\/api.w.org\/{rel}","templated":true}]}}