{"id":11500,"date":"2019-10-23T17:21:45","date_gmt":"2019-10-23T17:21:45","guid":{"rendered":"http:\/\/www.friaguinee.net\/?p=11500"},"modified":"2019-10-23T17:21:56","modified_gmt":"2019-10-23T17:21:56","slug":"guinee-situation-sociopolitique-la-ligue-guineenne-des-droits-de-lhomme-liguidho-appelle-tous-les-acteurs-de-la-crise-actuelle-au-dialogue-franc-et-sincere","status":"publish","type":"post","link":"http:\/\/www.friaguinee.net\/index.php\/2019\/10\/23\/guinee-situation-sociopolitique-la-ligue-guineenne-des-droits-de-lhomme-liguidho-appelle-tous-les-acteurs-de-la-crise-actuelle-au-dialogue-franc-et-sincere\/","title":{"rendered":"Guin\u00e9e\/Situation sociopolitique: la Ligue guin\u00e9enne des droits de l&rsquo;homme (LIGUIDHO) appelle tous les acteurs de la crise actuelle au dialogue franc et sinc\u00e8re&#8230;"},"content":{"rendered":"\n<p>Conakry, le 23 octobre 2019<\/p>\n\n\n\n<p>\u00ab La Ligue Guin\u00e9enne des Droits de l\u2019Homme (LIGUIDHO) s\u2019inqui\u00e8te du d\u00e9veloppement de la situation sociopolitique marqu\u00e9e par un climat d\u00e9l\u00e9t\u00e8re en Guin\u00e9e.\u00bb<\/p>\n\n\n\n<p>La Ligue Guin\u00e9enne des Droits de l\u2019Homme (LIGUIDHO) est tr\u00e8s inqui\u00e8te de l\u2019\u00e9volution de la situation sociopolitique depuis les journ\u00e9es de manifestations de la semaine derni\u00e8re qui se sont sold\u00e9es par la mort d\u2019une dizaine de manifestants et d\u2019un gendarme ainsi que d\u2019une centaine de bless\u00e9s et des d\u00e9g\u00e2ts mat\u00e9riels importants.  <\/p>\n\n\n\n<p>Le mot d\u2019ordre de manifestation lanc\u00e9 par les membres du Front National pour la D\u00e9fense de la Constitution (FNDC), le 14 octobre 2019, vise \u00e0 emp\u00eacher le maintien du Pr\u00e9sident Alpha COND\u00c9 au pouvoir dont le second mandat pr\u00e9sidentiel arrive \u00e0 terme en 2020 et que le FNDC soup\u00e7onne de vouloir modifier la Constitution actuelle \u00e0 cette fin.<\/p>\n\n\n\n<p>Suite aux jugements rendus par les tribunaux de premi\u00e8re instance de Dixinn et de Mafanco \u00e0 Conakry, ce lundi 22 octobre 2019, certains manifestants et responsables du FNDC traduits en justice ont \u00e9cop\u00e9 d\u2019une peine d\u2019emprisonnement allant de 6 mois \u00e0 1 an et du paiement d\u2019une amende.<\/p>\n\n\n\n<p>Des pr\u00e9venus interrog\u00e9s par la LIGUIDHO se sont exprim\u00e9s en ces termes : \u00ab Notre condamnation par la justice est contraire aux r\u00e8gles qui r\u00e9gissent le proc\u00e8s juste et \u00e9quitable. Pour preuve, nous avons \u00e9t\u00e9 l\u2019objet d\u2019actes de traitements cruels, inhumains et d\u00e9gradants de la part des hommes en uniformes et cagoul\u00e9s lors de notre arrestation \u00e0 domicile. Or, ils n\u2019\u00e9taient munis ni d\u2019une r\u00e9quisition \u00e0 la force publique d\u00fbment sign\u00e9e par un procureur de la R\u00e9publique ni d\u2019un mandat d\u2019amener d\u00e9livr\u00e9 par un juge d\u2019instruction, alors que nous n\u2019\u00e9tions pas en \u00e9tat de flagrant d\u00e9lit. Pourtant, ces droits \u00e9l\u00e9mentaires de la d\u00e9fense sont garantis par les textes nationaux et les conventions internationales auxquelles la Guin\u00e9e est partie.\u00bb<\/p>\n\n\n\n<p>Dans le souci d\u2019une consolidation de la paix en Guin\u00e9e, la LIGUIDHO appelle tous les acteurs de la crise actuelle au dialogue franc et sinc\u00e8re et au respect des textes qui encadrent le droit de manifestation et demande aux agents charg\u00e9s du maintien d\u2019ordre \u00e0 ne pas faire un usage excessif et disproportionn\u00e9 de la force.<\/p>\n\n\n\n<p>En fin, la LIGUIDHO invite les parquets d\u2019instance \u00e0 ouvrir une information judiciaire en vue de traduire en justice les auteurs pr\u00e9sum\u00e9s des cas de mort, de bless\u00e9s et de destruction de biens publics et priv\u00e9s afin qu\u2019ils r\u00e9pondent de leurs actes.<\/p>\n\n\n\n<p>La Ligue Guin\u00e9enne des Droits de l\u2019Homme (LIGUIDHO) est une organisation Non Gouvernementale (ONG) bas\u00e9e \u00e0 Conakry. Elle \u0153uvre pour la promotion, la protection et la d\u00e9fense des droits de l\u2019Homme. Son slogan est \u2018\u2019Agir ensemble pour les droits humains.\u2019\u2019<\/p>\n","protected":false},"excerpt":{"rendered":"<p>Conakry, le 23 octobre 2019 \u00ab La Ligue Guin\u00e9enne des Droits de l\u2019Homme (LIGUIDHO) s\u2019inqui\u00e8te du d\u00e9veloppement de la situation sociopolitique marqu\u00e9e par un climat d\u00e9l\u00e9t\u00e8re en Guin\u00e9e.\u00bb La Ligue Guin\u00e9enne des Droits de l\u2019Homme (LIGUIDHO) est tr\u00e8s inqui\u00e8te de l\u2019\u00e9volution de la situation sociopolitique depuis les journ\u00e9es de manifestations de la semaine derni\u00e8re qui [&hellip;]<\/p>\n","protected":false},"author":2,"featured_media":11501,"comment_status":"open","ping_status":"open","sticky":false,"template":"","format":"standard","meta":{"footnotes":""},"categories":[414],"tags":[],"class_list":["post-11500","post","type-post","status-publish","format-standard","has-post-thumbnail","hentry","category-communique"],"_links":{"self":[{"href":"http:\/\/www.friaguinee.net\/index.php\/wp-json\/wp\/v2\/posts\/11500","targetHints":{"allow":["GET"]}}],"collection":[{"href":"http:\/\/www.friaguinee.net\/index.php\/wp-json\/wp\/v2\/posts"}],"about":[{"href":"http:\/\/www.friaguinee.net\/index.php\/wp-json\/wp\/v2\/types\/post"}],"author":[{"embeddable":true,"href":"http:\/\/www.friaguinee.net\/index.php\/wp-json\/wp\/v2\/users\/2"}],"replies":[{"embeddable":true,"href":"http:\/\/www.friaguinee.net\/index.php\/wp-json\/wp\/v2\/comments?post=11500"}],"version-history":[{"count":1,"href":"http:\/\/www.friaguinee.net\/index.php\/wp-json\/wp\/v2\/posts\/11500\/revisions"}],"predecessor-version":[{"id":11502,"href":"http:\/\/www.friaguinee.net\/index.php\/wp-json\/wp\/v2\/posts\/11500\/revisions\/11502"}],"wp:featuredmedia":[{"embeddable":true,"href":"http:\/\/www.friaguinee.net\/index.php\/wp-json\/wp\/v2\/media\/11501"}],"wp:attachment":[{"href":"http:\/\/www.friaguinee.net\/index.php\/wp-json\/wp\/v2\/media?parent=11500"}],"wp:term":[{"taxonomy":"category","embeddable":true,"href":"http:\/\/www.friaguinee.net\/index.php\/wp-json\/wp\/v2\/categories?post=11500"},{"taxonomy":"post_tag","embeddable":true,"href":"http:\/\/www.friaguinee.net\/index.php\/wp-json\/wp\/v2\/tags?post=11500"}],"curies":[{"name":"wp","href":"https:\/\/api.w.org\/{rel}","templated":true}]}}