{"id":11318,"date":"2019-10-15T16:07:30","date_gmt":"2019-10-15T16:07:30","guid":{"rendered":"http:\/\/www.friaguinee.net\/?p=11318"},"modified":"2019-10-15T16:07:32","modified_gmt":"2019-10-15T16:07:32","slug":"fria-grand-concours-jeune-entrepreneur-de-guinee-salematou-naby-qualifiee-en-finale-avec-la-start-up-agrimines","status":"publish","type":"post","link":"http:\/\/www.friaguinee.net\/index.php\/2019\/10\/15\/fria-grand-concours-jeune-entrepreneur-de-guinee-salematou-naby-qualifiee-en-finale-avec-la-start-up-agrimines\/","title":{"rendered":"Fria\/Grand Concours jeune entrepreneur de Guin\u00e9e : Sal\u00e9matou Naby qualifi\u00e9e en finale avec la start-up AGRIMINES"},"content":{"rendered":"\n<p>Organis\u00e9 par la structure Vision Large, le grand concours jeune\nentrepreneur, en sa premi\u00e8re \u00e9dition en Guin\u00e9e a connu la participation de 218\ncandidats issus de toutes les r\u00e9gions administratives du pays.<\/p>\n\n\n\n<p>A l\u2019issu des pr\u00e9s\u00e9lections, 26 projets sont retenus pour la\nfinale de ce concours qui a pour but d\u2019aider les jeunes porteurs de projet des\nhuit r\u00e9gions administratives \u00e0 acc\u00e9der au financement \u00e0 travers un concours\nt\u00e9l\u00e9vis\u00e9.<\/p>\n\n\n\n<figure class=\"wp-block-image\"><img loading=\"lazy\" decoding=\"async\" width=\"474\" height=\"686\" src=\"http:\/\/www.friaguinee.net\/wp-content\/uploads\/2019\/10\/20191015_160008.jpg\" alt=\"\" class=\"wp-image-11324\" srcset=\"http:\/\/www.friaguinee.net\/wp-content\/uploads\/2019\/10\/20191015_160008.jpg 474w, http:\/\/www.friaguinee.net\/wp-content\/uploads\/2019\/10\/20191015_160008-207x300.jpg 207w, http:\/\/www.friaguinee.net\/wp-content\/uploads\/2019\/10\/20191015_160008-290x420.jpg 290w\" sizes=\"auto, (max-width: 474px) 100vw, 474px\" \/><\/figure>\n\n\n\n<p>Parmi les projets retenus, figure celui d\u2019une jeune femme de\nla cit\u00e9 de l\u2019alumine. La start-up AGRIMINES est retenue en compagnie de deux\nautres, au compte de la r\u00e9gion de Bok\u00e9.<\/p>\n\n\n\n<p>AGRIMINES est une activit\u00e9 sociale et solidaire qui a pour\nmission principale de produire la bauxite verte \u00e0 c\u00f4t\u00e9 de la bauxite rouge.<\/p>\n\n\n\n<p>S\u2019inspirant de la crise qui a min\u00e9 la ville de Fria \u00e0 travers\nl\u2019arr\u00eat de l\u2019usine, la porteuse de ce projet, ambitionne de promouvoir l\u2019agriculture\ndans les zones mini\u00e8res.<\/p>\n\n\n\n<p>\u00ab&nbsp;<strong><em>Je fais la promotion de l\u2019agriculture dans\nles zones mini\u00e8res, pr\u00e9cis\u00e9ment dans la r\u00e9gion de Bok\u00e9, mais nous voulons faire\nle d\u00e9marrage dans la pr\u00e9fecture de Fria. L\u2019id\u00e9e de mon projet est n\u00e9e pendant\nla p\u00e9riode de crise, j\u2019ai constat\u00e9 que la vie de la population d\u00e9pendait de l\u2019usine,\nc\u2019est pourquoi la fermeture a eu un impact n\u00e9gatif sur la population. J\u2019ai\npens\u00e9 \u00e0 une autre activit\u00e9 qui pourrait \u00eatre une alternative, qui pourrait\npr\u00e9parer la population \u00e0 l\u2019apr\u00e8s mines parce que ces mines vont finir t\u00f4t ou\ntard, alors que l\u2019agriculture elle, ne finira jamais car le monde a commenc\u00e9\npar elle et finira par elle. Ce n\u2019est pas tout le monde qui est habilit\u00e9 \u00e0\ntravailler dans les mines, parce qu\u2019il faut avoir un certain niveau d\u2019\u00e9tudes,\nalors que l\u2019agriculture, tout le monde peut y travailler, on n\u2019a pas besoin de dipl\u00f4me<\/em><\/strong>&nbsp;\u00bb\nexplique Sal\u00e9matou Naby Bangoura.<\/p>\n\n\n\n<figure class=\"wp-block-image\"><img loading=\"lazy\" decoding=\"async\" width=\"352\" height=\"455\" src=\"http:\/\/www.friaguinee.net\/wp-content\/uploads\/2019\/10\/20191015_140808.jpg\" alt=\"\" class=\"wp-image-11321\" srcset=\"http:\/\/www.friaguinee.net\/wp-content\/uploads\/2019\/10\/20191015_140808.jpg 352w, http:\/\/www.friaguinee.net\/wp-content\/uploads\/2019\/10\/20191015_140808-232x300.jpg 232w, http:\/\/www.friaguinee.net\/wp-content\/uploads\/2019\/10\/20191015_140808-325x420.jpg 325w\" sizes=\"auto, (max-width: 352px) 100vw, 352px\" \/><\/figure>\n\n\n\n<p>Dipl\u00f4m\u00e9e en droits et relations internationales de l\u2019Universit\u00e9\nNongo Conakry, Sal\u00e9matou est n\u00e9e dans l\u2019agriculture et y a grandi gr\u00e2ce \u00e0 l\u2019implication\nde sa ch\u00e8re m\u00e8re Fatou Fama dans cette activit\u00e9, une dame qui est par ailleurs,\nla pr\u00e9sidente de la chambre pr\u00e9fectorale de l\u2019agriculture.<\/p>\n\n\n\n<p>Pour la jeune entrepreneure, produire la \u2018\u2019Bauxite verte\u2019\u2019 \u00e0 c\u00f4t\u00e9\nde la rouge, va non seulement permettre de sceller des partenariats avec les\nsoci\u00e9t\u00e9s mini\u00e8res, mais aussi de cr\u00e9er des emplois directs et indirects en\nmisant sur les jeunes et les femmes.<\/p>\n\n\n\n<p>\u00ab&nbsp;<strong><em>Bauxite verte parce que la couleur du paysage agropastorale est verte. Si ces deux bauxites sont produites ici \u00e0 Fria, ce serait tr\u00e8s important pour la population. Nous pouvons cr\u00e9er un partenariat gagnant gagnant avec les soci\u00e9t\u00e9s mini\u00e8res, lorsque nous produisons, elles vont \u00eatre nos principales clientes. Nous comptons mettre en place un syst\u00e8me innovant de production et de distribution de fruits et l\u00e9gumes en misant sur les jeunes et femmes agriculteurs qui ne peuvent pas travailler dans les mines, et m\u00eame ceux qui peuvent travailler dans les mines, peuvent aussi travailler avec nous. Nous allons cr\u00e9er une plateforme d\u2019\u00e9changes entre le monde minier et la population impact\u00e9e, pour qu\u2019il y ait un lien entre les responsables des soci\u00e9t\u00e9s mini\u00e8res et nous, pour leur faire comprendre jusqu\u2019\u00e0 quel point, les populations sont impact\u00e9es \u00e0 travers la pollution de l\u2019environnement<\/em><\/strong>&nbsp;\u00bb ajoute la promotrice d\u2019AGRIMINES, avant d&rsquo;inviter les femmes \u00e0 se lancer dans l&rsquo;entrepreneuriat. <\/p>\n\n\n\n<figure class=\"wp-block-image\"><img loading=\"lazy\" decoding=\"async\" width=\"411\" height=\"472\" src=\"http:\/\/www.friaguinee.net\/wp-content\/uploads\/2019\/10\/20191015_155953.jpg\" alt=\"\" class=\"wp-image-11325\" srcset=\"http:\/\/www.friaguinee.net\/wp-content\/uploads\/2019\/10\/20191015_155953.jpg 411w, http:\/\/www.friaguinee.net\/wp-content\/uploads\/2019\/10\/20191015_155953-261x300.jpg 261w, http:\/\/www.friaguinee.net\/wp-content\/uploads\/2019\/10\/20191015_155953-366x420.jpg 366w\" sizes=\"auto, (max-width: 411px) 100vw, 411px\" \/><\/figure>\n\n\n\n<p>\u00ab&nbsp;<strong><em>Les femmes doivent chercher \u00e0 \u00eatre\nautonomes, elles doivent faire une prise de conscience en se disant que l\u2019avenir\nde leurs foyers et celui de la communaut\u00e9 ne d\u00e9pendent pas que des hommes, tout\nce que l\u2019homme peut faire, la femme aussi peut le faire. Etre femme n\u2019est pas\nun handicap, la femme peut \u00eatre autonome en faisant recours \u00e0 l\u2019entreprenariat.\nPour \u00eatre entrepreneur, il ne faut pas se dire qu\u2019il faut \u00eatre sortant d\u2019une\ngrande \u00e9cole, m\u00eame en \u00e9tant illettr\u00e9e, on peut cr\u00e9er son entreprise. Je prends\nl\u2019exemple sur ma maman qui n\u2019a pas \u00e9t\u00e9 \u00e0 l\u2019\u00e9cole mais qui est aujourd\u2019hui la\nseule femme pr\u00e9sidente d\u2019une chambre pr\u00e9fectorale de commerce en Guin\u00e9e. C\u2019est\nelle mon mod\u00e8le, je veux partir de ses faiblesses pour construire mon m\u00e9rite<\/em><\/strong>&nbsp;\u00bb\na conclu la jeune entrepreneure qui compte mettre en place 25 fermes avicoles\ndans le bassin minier de la r\u00e9gion de Bok\u00e9 lorsque le chiffre d\u2019affaires de son\nentreprise sera plus important.<\/p>\n\n\n\n<p><strong><em>Dj\u00e9nabou Batco Diallo pour friaguinee.net<\/em><\/strong><\/p>\n","protected":false},"excerpt":{"rendered":"<p>Organis\u00e9 par la structure Vision Large, le grand concours jeune entrepreneur, en sa premi\u00e8re \u00e9dition en Guin\u00e9e a connu la participation de 218 candidats issus de toutes les r\u00e9gions administratives du pays. A l\u2019issu des pr\u00e9s\u00e9lections, 26 projets sont retenus pour la finale de ce concours qui a pour but d\u2019aider les jeunes porteurs de [&hellip;]<\/p>\n","protected":false},"author":2,"featured_media":11326,"comment_status":"open","ping_status":"open","sticky":false,"template":"","format":"standard","meta":{"footnotes":""},"categories":[671,9],"tags":[1269,482,1266,970,1140,338,1267,1268],"class_list":["post-11318","post","type-post","status-publish","format-standard","has-post-thumbnail","hentry","category-femme","category-publireportage","tag-agromines","tag-concours","tag-entrepreneur","tag-finale","tag-grand","tag-jeune","tag-salematou-naby","tag-startup"],"_links":{"self":[{"href":"http:\/\/www.friaguinee.net\/index.php\/wp-json\/wp\/v2\/posts\/11318","targetHints":{"allow":["GET"]}}],"collection":[{"href":"http:\/\/www.friaguinee.net\/index.php\/wp-json\/wp\/v2\/posts"}],"about":[{"href":"http:\/\/www.friaguinee.net\/index.php\/wp-json\/wp\/v2\/types\/post"}],"author":[{"embeddable":true,"href":"http:\/\/www.friaguinee.net\/index.php\/wp-json\/wp\/v2\/users\/2"}],"replies":[{"embeddable":true,"href":"http:\/\/www.friaguinee.net\/index.php\/wp-json\/wp\/v2\/comments?post=11318"}],"version-history":[{"count":3,"href":"http:\/\/www.friaguinee.net\/index.php\/wp-json\/wp\/v2\/posts\/11318\/revisions"}],"predecessor-version":[{"id":11327,"href":"http:\/\/www.friaguinee.net\/index.php\/wp-json\/wp\/v2\/posts\/11318\/revisions\/11327"}],"wp:featuredmedia":[{"embeddable":true,"href":"http:\/\/www.friaguinee.net\/index.php\/wp-json\/wp\/v2\/media\/11326"}],"wp:attachment":[{"href":"http:\/\/www.friaguinee.net\/index.php\/wp-json\/wp\/v2\/media?parent=11318"}],"wp:term":[{"taxonomy":"category","embeddable":true,"href":"http:\/\/www.friaguinee.net\/index.php\/wp-json\/wp\/v2\/categories?post=11318"},{"taxonomy":"post_tag","embeddable":true,"href":"http:\/\/www.friaguinee.net\/index.php\/wp-json\/wp\/v2\/tags?post=11318"}],"curies":[{"name":"wp","href":"https:\/\/api.w.org\/{rel}","templated":true}]}}