{"id":1126,"date":"2018-01-22T13:05:19","date_gmt":"2018-01-22T13:05:19","guid":{"rendered":"http:\/\/www.friaguinee.net\/?p=1126"},"modified":"2018-01-22T13:05:19","modified_gmt":"2018-01-22T13:05:19","slug":"guinee-11-ans-apres-massacre-22-janvier-sommes-arrives","status":"publish","type":"post","link":"http:\/\/www.friaguinee.net\/index.php\/2018\/01\/22\/guinee-11-ans-apres-massacre-22-janvier-sommes-arrives\/","title":{"rendered":"Guin\u00e9\u00e9: 11 ans apr\u00e8s le massacre du 22 janvier! Comment en sommes-nous arriv\u00e9s l\u00e0?"},"content":{"rendered":"<p>Accus\u00e9 d&rsquo;avoir mal g\u00e9r\u00e9 l&rsquo;\u00e9conomie et d&rsquo;avoir abus\u00e9 de son autorit\u00e9, les\u00a0syndicats, partis et les coalitions d&rsquo;opposition ont demand\u00e9 la d\u00e9mission du pr\u00e9sident\u00a0Lansana Cont\u00e9.<\/p>\n<p>La\u00a0gr\u00e8ve g\u00e9n\u00e9rale en Guin\u00e9e de 2007\u00a0commen\u00e7a le\u00a010 janvier\u00a02007. Les gr\u00e9vistes ont aussi accus\u00e9 Cont\u00e9 d&rsquo;avoir lib\u00e9r\u00e9 deux personnes accus\u00e9es de corruption, dont\u00a0Mamadou Sylla.<\/p>\n<p>Le 19 janvier, le pr\u00e9sident Cont\u00e9 limoge le num\u00e9ro deux du gouvernement, le ministre des Affaires pr\u00e9sidentielles\u00a0Fod\u00e9 Bangoura\u00a0qui avait fait arr\u00eater Sylla. Bangoura est consid\u00e9r\u00e9 comme soutenant les gr\u00e9vistes. Cont\u00e9 nomme un proche,\u00a0Eug\u00e8ne Camara, au poste de ministre des Affaires pr\u00e9sidentielles.<\/p>\n<p>Au moins 59 personnes sont mortes dans les affrontements entre la police et les manifestants pendant la premi\u00e8re partie de la gr\u00e8ve g\u00e9n\u00e9rale. Plusieurs dirigeants syndicaux, dont\u00a0Rabiatou Serah Diallo, pr\u00e9sidente de la\u00a0Conf\u00e9deration nationale des travailleurs de Guin\u00e9e, sont arr\u00eat\u00e9s le 22 janvier, journ\u00e9e la plus meurtri\u00e8re, \u00e0 l&rsquo;issue d&rsquo;une manifestation fortement r\u00e9prim\u00e9e, ils seront lib\u00e9r\u00e9s dans la nuit sous les pressions internationales.<\/p>\n<p>Le 27 janvier, les syndicats et le gouvernement s&rsquo;accordent sur la nomination d&rsquo;un premier ministre\u00a0avec le r\u00f4le de chef de gouvernement. Les syndicats suspendent la gr\u00e8ve g\u00e9n\u00e9rale. Le pr\u00e9sident Cont\u00e9 est soumis \u00e0 un ultimatum de 15 jours pour nommer un nouveau premier ministre.<\/p>\n<p>Le 9 f\u00e9vrier, l&rsquo;Union europ\u00e9enne\u00a0rejoint par la plupart des pays europ\u00e9ens se f\u00e9licite de l&rsquo;accord entre les syndicats et le gouvernement et \u00ab\u00a0<em>demande au gouvernement un \u00e9claircissement sans r\u00e9serve des circonstances de ces d\u00e9c\u00e8s [pendant les manifestations] et des poursuites judiciaires contre les coupables<\/em>\u00a0\u00bb.<\/p>\n<p>Le m\u00eame jour, le pr\u00e9sident Cont\u00e9 nomme Eug\u00e8ne Camara au poste de premier ministre. Cette nomination d&rsquo;un proche de Cont\u00e9 est rejet\u00e9e par les syndicats et l&rsquo;opposition dans leur ensemble qui relancent la gr\u00e8ve le 10. Plus de 9 morts sont d\u00e9nombr\u00e9s la premi\u00e8re journ\u00e9e de gr\u00e8ve.<\/p>\n<p>Le 11 f\u00e9vrier, alors que 23 personnes ont trouv\u00e9 la mort au cours des manifestations du week-end, 23, l\u2019intersyndical exige pour la premi\u00e8re fois le d\u00e9part du pouvoir du pr\u00e9sident\u00a0Lansana Cont\u00e9.<\/p>\n<p>Le 12 f\u00e9vrier, le pr\u00e9sident d\u00e9cr\u00e8te l&rsquo;\u00e9tat de si\u00e8ge, impliquant un couvre-feu de 20 h \u00e0 6 h du matin et de 6 h \u00e0 16 h sur l\u2019ensemble du territoire. Toutes les manifestations, cort\u00e8ges, rassemblements sont interdits. Les forces de l\u2019ordre sont autoris\u00e9es \u00e0 arr\u00eater toute personne dont l&rsquo;activit\u00e9 pr\u00e9sente un danger pour la s\u00e9curit\u00e9 publique et \u00e0 mener en tout lieu des perquisitions de jour et de nuit.<\/p>\n<p>Le 16 f\u00e9vrier, L\u2019Union africaine\u00a0adopte une r\u00e9solution condamnant l\u2019usage excessif de la force et demande une enqu\u00eate ind\u00e9pendante sur les violences. Le 17, alors que les syndicats ont rompu les n\u00e9gociations, une d\u00e9l\u00e9gation de la\u00a0Communaut\u00e9 \u00e9conomique des \u00c9tats de l&rsquo;Afrique de l&rsquo;Ouest\u00a0pr\u00e9sid\u00e9 par l\u2019ancien dirigeant\u00a0nig\u00e9rian\u00a0Ibrahim Babangida\u00a0arrive \u00e0 Conakry. Le 18, la p\u00e9riode du couvre-feu de 18 h \u00e0 6 h sur l\u2019ensemble du territoire national. Les organisations de la soci\u00e9t\u00e9 civile d\u00e9noncent les arrestations de centaines de sympathisants et militants de l\u2019opposition par les forces de police et de gendarmerie.<\/p>\n<p>La d\u00e9l\u00e9gation de la\u00a0Communaut\u00e9 \u00e9conomique des \u00c9tats de l&rsquo;Afrique de l&rsquo;Ouest\u00a0(CEDEAO) est charg\u00e9e consulter la soci\u00e9t\u00e9 civile, les partis politiques, les institutions r\u00e9publicaines, les syndicats. Le 25 f\u00e9vrier, le pr\u00e9sident guin\u00e9e\u00a0Lansana Cont\u00e9\u00a0accepte sous la pression de la C\u00e9d\u00e9ao le remplacement du Premier ministre\u00a0Eug\u00e8ne Camara par une personnalit\u00e9 choisie sur une liste de 5 candidats d\u00e9sign\u00e9s par les syndicats et la soci\u00e9t\u00e9 civile. la gr\u00e8ve g\u00e9n\u00e9rale est suspendue. le 26, Lansana Kouyat\u00e9 est nomm\u00e9 Premier ministre. Son gouvernement est pr\u00e9sent\u00e9 le 28 mars. Il est compos\u00e9 de 19 ministres, tous issus de la soci\u00e9t\u00e9 civile. Aucun parti politique n\u2019est repr\u00e9sent\u00e9.<\/p>\n<p>Selon un rapport publi\u00e9 par le Minist\u00e8re de l\u2019int\u00e9rieur et de la s\u00e9curit\u00e9 et pr\u00e9sent\u00e9e le 2 mai \u00e0 la t\u00e9l\u00e9vision d\u2019\u00c9tat par le ministre de la Communication et porte-parole du gouvernement, Justin Morel Junior, ces \u00e9v\u00e8nements ont fait 137 morts et 1\u00a0667 bless\u00e9s entre le 22 janvier et le 26 f\u00e9vrier.<\/p>\n<p><strong>WIKIPEDIA<\/strong><\/p>\n","protected":false},"excerpt":{"rendered":"<p>Accus\u00e9 d&rsquo;avoir mal g\u00e9r\u00e9 l&rsquo;\u00e9conomie et d&rsquo;avoir abus\u00e9 de son autorit\u00e9, les\u00a0syndicats, partis et les coalitions d&rsquo;opposition ont demand\u00e9 la d\u00e9mission du pr\u00e9sident\u00a0Lansana Cont\u00e9. La\u00a0gr\u00e8ve g\u00e9n\u00e9rale en Guin\u00e9e de 2007\u00a0commen\u00e7a le\u00a010 janvier\u00a02007. Les gr\u00e9vistes ont aussi accus\u00e9 Cont\u00e9 d&rsquo;avoir lib\u00e9r\u00e9 deux personnes accus\u00e9es de corruption, dont\u00a0Mamadou Sylla. Le 19 janvier, le pr\u00e9sident Cont\u00e9 limoge le [&hellip;]<\/p>\n","protected":false},"author":2,"featured_media":1127,"comment_status":"open","ping_status":"open","sticky":false,"template":"","format":"standard","meta":{"footnotes":""},"categories":[2],"tags":[],"class_list":["post-1126","post","type-post","status-publish","format-standard","has-post-thumbnail","hentry","category-actualites"],"_links":{"self":[{"href":"http:\/\/www.friaguinee.net\/index.php\/wp-json\/wp\/v2\/posts\/1126","targetHints":{"allow":["GET"]}}],"collection":[{"href":"http:\/\/www.friaguinee.net\/index.php\/wp-json\/wp\/v2\/posts"}],"about":[{"href":"http:\/\/www.friaguinee.net\/index.php\/wp-json\/wp\/v2\/types\/post"}],"author":[{"embeddable":true,"href":"http:\/\/www.friaguinee.net\/index.php\/wp-json\/wp\/v2\/users\/2"}],"replies":[{"embeddable":true,"href":"http:\/\/www.friaguinee.net\/index.php\/wp-json\/wp\/v2\/comments?post=1126"}],"version-history":[{"count":0,"href":"http:\/\/www.friaguinee.net\/index.php\/wp-json\/wp\/v2\/posts\/1126\/revisions"}],"wp:featuredmedia":[{"embeddable":true,"href":"http:\/\/www.friaguinee.net\/index.php\/wp-json\/wp\/v2\/media\/1127"}],"wp:attachment":[{"href":"http:\/\/www.friaguinee.net\/index.php\/wp-json\/wp\/v2\/media?parent=1126"}],"wp:term":[{"taxonomy":"category","embeddable":true,"href":"http:\/\/www.friaguinee.net\/index.php\/wp-json\/wp\/v2\/categories?post=1126"},{"taxonomy":"post_tag","embeddable":true,"href":"http:\/\/www.friaguinee.net\/index.php\/wp-json\/wp\/v2\/tags?post=1126"}],"curies":[{"name":"wp","href":"https:\/\/api.w.org\/{rel}","templated":true}]}}