{"id":11182,"date":"2019-10-08T21:50:51","date_gmt":"2019-10-08T21:50:51","guid":{"rendered":"http:\/\/www.friaguinee.net\/?p=11182"},"modified":"2019-10-08T21:50:54","modified_gmt":"2019-10-08T21:50:54","slug":"fria-demarrage-de-loperation-didentification-des-electeurs","status":"publish","type":"post","link":"http:\/\/www.friaguinee.net\/index.php\/2019\/10\/08\/fria-demarrage-de-loperation-didentification-des-electeurs\/","title":{"rendered":"Fria: d\u00e9marrage de l&rsquo;op\u00e9ration d&rsquo;identification des \u00e9lecteurs"},"content":{"rendered":"\n<p>Quelques jours apr\u00e8s la fin de la formation des membres des commissions administratives d&rsquo;\u00e9tablissement et r\u00e9vision des listes \u00e9lectorales, l&rsquo;op\u00e9ration d&rsquo;identification des \u00e9lecteurs a officiellement \u00e9t\u00e9\u00a0 lanc\u00e9e hier lundi 7 octobre 2019, par les autorit\u00e9s pr\u00e9fectorales et communales.\u00a0<\/p>\n\n\n\n<p>En d\u00e9pit du retard constat\u00e9 sur le terrain, l&rsquo;op\u00e9ration a effectivement d\u00e9marr\u00e9 ce mardi dans les diff\u00e9rents sites choisis. De Katourou 1 \u00e0 Aviation,\u00a0 en passant par Sabend\u00e8, les agents sont confortablement install\u00e9s.<\/p>\n\n\n\n<p>A en croire un responsable de la CEPI, cette op\u00e9ration est la suite logique de la formation des membres des CAERLEs.<\/p>\n\n\n\n<p>\u00a0\u00bb <strong><em>Nous sommes l\u00e0 depuis le matin dans le cadre de l&rsquo;op\u00e9ration d&rsquo;identification des \u00e9lecteurs. Avant de commencer ce travail,\u00a0 nous avons \u00e9t\u00e9 bien form\u00e9s \u00e0 la mairie. Donc aujourd&rsquo;hui, nous allons commencer \u00e0 identifier les \u00e9lecteurs, c&rsquo;est \u00e0 l&rsquo;issue de cette op\u00e9ration que l&rsquo;enr\u00f4lement va se faire. Pour cette premi\u00e8re journ\u00e9e,\u00a0 tout se passe bien<\/em><\/strong>\u00a0\u00bb a-t-il confi\u00e9.\u00a0<\/p>\n\n\n\n<p>Pour Dian Bailo Diallo, c&rsquo;est un devoir pour chaque citoyen de se faire recenser et se rassurer de la pr\u00e9sence de son nom sur la liste d&rsquo;\u00e9lecteurs.<\/p>\n\n\n\n<p>\u00a0\u00bb <strong><em>Moi je suis venu v\u00e9rifier s&rsquo;il n&rsquo; y a pas d&rsquo;anomalies sur la liste en ce qui me concerne parce qu&rsquo;en tant que citoyen,\u00a0 je dois voter, et pour voter,\u00a0 il faut avoir une carte d&rsquo;\u00e9lecteur,\u00a0 pour avoir cette carte, il \u00eatre sur la liste \u00e9lectorale. J&rsquo;invite les autres aussi \u00e0 faire comme moi<\/em><\/strong>\u00a0\u00bb exhorte-t-il.<\/p>\n\n\n\n<p>La pr\u00e9fecture de Fria compte au total 43 CAERLEs r\u00e9parties comme suit: 23 dans la commune urbaine,\u00a0 8 \u00e0 Baguinet, 5 \u00e0 Banguigny et 7 \u00e0 Torm\u00e8lin.<\/p>\n\n\n\n<p><br><strong><em>Abdoulaye Barry pour\u00a0<\/em><\/strong><a rel=\"noreferrer noopener\" href=\"http:\/\/friaguinee.net\/\" target=\"_blank\"><strong><em>friaguinee.net<\/em><\/strong><\/a><\/p>\n\n\n\n<p><\/p>\n","protected":false},"excerpt":{"rendered":"<p>Quelques jours apr\u00e8s la fin de la formation des membres des commissions administratives d&rsquo;\u00e9tablissement et r\u00e9vision des listes \u00e9lectorales, l&rsquo;op\u00e9ration d&rsquo;identification des \u00e9lecteurs a officiellement \u00e9t\u00e9\u00a0 lanc\u00e9e hier lundi 7 octobre 2019, par les autorit\u00e9s pr\u00e9fectorales et communales.\u00a0 En d\u00e9pit du retard constat\u00e9 sur le terrain, l&rsquo;op\u00e9ration a effectivement d\u00e9marr\u00e9 ce mardi dans les diff\u00e9rents [&hellip;]<\/p>\n","protected":false},"author":2,"featured_media":11183,"comment_status":"open","ping_status":"open","sticky":false,"template":"","format":"standard","meta":{"footnotes":""},"categories":[2],"tags":[1250,204,273,1249,49,1248,413],"class_list":["post-11182","post","type-post","status-publish","format-standard","has-post-thumbnail","hentry","category-actualites","tag-caerle","tag-cepi","tag-demarrage","tag-eleceurs","tag-fria","tag-identification","tag-operation"],"_links":{"self":[{"href":"http:\/\/www.friaguinee.net\/index.php\/wp-json\/wp\/v2\/posts\/11182","targetHints":{"allow":["GET"]}}],"collection":[{"href":"http:\/\/www.friaguinee.net\/index.php\/wp-json\/wp\/v2\/posts"}],"about":[{"href":"http:\/\/www.friaguinee.net\/index.php\/wp-json\/wp\/v2\/types\/post"}],"author":[{"embeddable":true,"href":"http:\/\/www.friaguinee.net\/index.php\/wp-json\/wp\/v2\/users\/2"}],"replies":[{"embeddable":true,"href":"http:\/\/www.friaguinee.net\/index.php\/wp-json\/wp\/v2\/comments?post=11182"}],"version-history":[{"count":1,"href":"http:\/\/www.friaguinee.net\/index.php\/wp-json\/wp\/v2\/posts\/11182\/revisions"}],"predecessor-version":[{"id":11184,"href":"http:\/\/www.friaguinee.net\/index.php\/wp-json\/wp\/v2\/posts\/11182\/revisions\/11184"}],"wp:featuredmedia":[{"embeddable":true,"href":"http:\/\/www.friaguinee.net\/index.php\/wp-json\/wp\/v2\/media\/11183"}],"wp:attachment":[{"href":"http:\/\/www.friaguinee.net\/index.php\/wp-json\/wp\/v2\/media?parent=11182"}],"wp:term":[{"taxonomy":"category","embeddable":true,"href":"http:\/\/www.friaguinee.net\/index.php\/wp-json\/wp\/v2\/categories?post=11182"},{"taxonomy":"post_tag","embeddable":true,"href":"http:\/\/www.friaguinee.net\/index.php\/wp-json\/wp\/v2\/tags?post=11182"}],"curies":[{"name":"wp","href":"https:\/\/api.w.org\/{rel}","templated":true}]}}