{"id":11046,"date":"2019-10-03T12:34:19","date_gmt":"2019-10-03T12:34:19","guid":{"rendered":"http:\/\/www.friaguinee.net\/?p=11046"},"modified":"2019-10-03T12:34:20","modified_gmt":"2019-10-03T12:34:20","slug":"fria-rentree-des-classes-lengouement-nest-pas-au-rendez-vous","status":"publish","type":"post","link":"http:\/\/www.friaguinee.net\/index.php\/2019\/10\/03\/fria-rentree-des-classes-lengouement-nest-pas-au-rendez-vous\/","title":{"rendered":"Fria\/Rentr\u00e9e des classes: l&rsquo;engouement n&rsquo;est pas au rendez-vous !"},"content":{"rendered":"\n<p>Conform\u00e9ment au calendrier \u00e9tabli par le minist\u00e8re de l&rsquo;\u00e9ducation nationale et de l&rsquo;alphab\u00e9tisation, l&rsquo;\u00e9cole guin\u00e9enne a officiellement ouvert ses portes ce jeudi 3 octobre 2019.<\/p>\n\n\n\n<p>Apr\u00e8s trois mois de repos, les \u00e9l\u00e8ves de la cit\u00e9 de l&rsquo;alumine \u00e0 l&rsquo;instar de ceux des autres villes du pays, sont cens\u00e9s reprendre le chemin de l&rsquo;\u00e9cole ce jeudi, mais sur le terrain le constat est tout autre.<\/p>\n\n\n\n<figure class=\"wp-block-image\"><img loading=\"lazy\" decoding=\"async\" width=\"504\" height=\"275\" src=\"http:\/\/www.friaguinee.net\/wp-content\/uploads\/2019\/10\/20191003_115848.jpg\" alt=\"\" class=\"wp-image-11056\" srcset=\"http:\/\/www.friaguinee.net\/wp-content\/uploads\/2019\/10\/20191003_115848.jpg 504w, http:\/\/www.friaguinee.net\/wp-content\/uploads\/2019\/10\/20191003_115848-300x164.jpg 300w\" sizes=\"auto, (max-width: 504px) 100vw, 504px\" \/><\/figure>\n\n\n\n<p>A 9 heures, notre reporter a visit\u00e9 certaines \u00e9coles pour toucher du doigt, les r\u00e9alit\u00e9s de cette reprise. De l&rsquo;\u00e9cole primaire Katourou 1 au coll\u00e8ge Hadja M&rsquo;Mah, en passant par Barry Diawadou, Sabend\u00e8, Manson Camara, Amiti\u00e9 Gobicko, l&rsquo;engouement n&rsquo;est pas au rendez-vous. <\/p>\n\n\n\n<p>Dans ces \u00e9coles, les encadreurs sont tous pr\u00e9sents mais certaines salles de classes sont vides et d&rsquo;autres ne contiennent pas une dizaine d&rsquo;\u00e9l\u00e8ves.<\/p>\n\n\n\n<p>Un encadreur, visiblement pas surpris de cette attitude des \u00e9l\u00e8ves,\u00a0 regrette ce comportement de l&rsquo;\u00e9l\u00e8ve guin\u00e9en.<\/p>\n\n\n\n<p>\u00a0\u00bb <strong><em>Je ne suis pas surpris, depuis qu&rsquo;on a dit que l&rsquo;ouverture va tomber sur un jeudi, je me suis dit que les \u00e9l\u00e8ves n&rsquo;allaient pas venir. Nous, nous sommes l\u00e0,\u00a0 ce sont eux qui ont d\u00e9cid\u00e9 que c&rsquo;est le lundi qu&rsquo;ils vont reprendre les cours et cela avec le soutien de leurs parents. C&rsquo;est dommage que ce soit l&rsquo;\u00e9l\u00e8ve qui d\u00e9cide \u00e0 la place du minist\u00e8re<\/em><\/strong> \u00a0\u00bb regrette Mr Camara.<\/p>\n\n\n\n<figure class=\"wp-block-image\"><img loading=\"lazy\" decoding=\"async\" width=\"556\" height=\"432\" src=\"http:\/\/www.friaguinee.net\/wp-content\/uploads\/2019\/10\/20191003_122836.jpg\" alt=\"\" class=\"wp-image-11053\" srcset=\"http:\/\/www.friaguinee.net\/wp-content\/uploads\/2019\/10\/20191003_122836.jpg 556w, http:\/\/www.friaguinee.net\/wp-content\/uploads\/2019\/10\/20191003_122836-300x233.jpg 300w, http:\/\/www.friaguinee.net\/wp-content\/uploads\/2019\/10\/20191003_122836-541x420.jpg 541w\" sizes=\"auto, (max-width: 556px) 100vw, 556px\" \/><\/figure>\n\n\n\n<p>Rencontr\u00e9 sur le chemin du retour, un \u00e9l\u00e8ve qui a accept\u00e9 de se rendre \u00e0 l&rsquo;\u00e9cole ce matin, affirme avoir \u00e9t\u00e9 autoris\u00e9 \u00e0 rentrer chez lui.<\/p>\n\n\n\n<p>\u00ab\u00a0<strong><em>Je suis all\u00e9 \u00e0 l&rsquo;\u00e9cole ce matin, les professeurs \u00e9taient l\u00e0 mais les \u00e9l\u00e8ves n&rsquo;\u00e9taient pas nombreux. Dans ma classe, nous n&rsquo;\u00e9tions que trois, dans d&rsquo;autres classes il y avait un ou deux \u00e9l\u00e8ves, le Directeur a jug\u00e9 n\u00e9cessaire de nous lib\u00e9rer, il nous a dit de rester \u00e0 la maison jusqu&rsquo;\u00e0 lundi<\/em><\/strong>\u00a0\u00bb explique Ibrahima Diallo.<\/p>\n\n\n\n<p>Un autre \u00e9l\u00e8ve, v\u00eatu en tenue civile, rencontr\u00e9 \u00e0 la devanture de la Mairie, lui, affirme attendre le lundi pour se pr\u00e9senter dans son \u00e9cole.<\/p>\n\n\n\n<p>\u00a0\u00bb <strong><em>Comme aujourd&rsquo;hui c&rsquo;est jeudi, moi je pr\u00e9f\u00e8re attendre lundi pour aller \u00e0 l&rsquo;\u00e9cole parce que je sais qu&rsquo;on ne va rien faire de s\u00e9rieux si l&rsquo;ouverture tombe sur le week-end<\/em><\/strong> \u00a0\u00bb a d\u00e9clar\u00e9 Amara Sylla.<\/p>\n\n\n\n<figure class=\"wp-block-image\"><img loading=\"lazy\" decoding=\"async\" width=\"720\" height=\"281\" src=\"http:\/\/www.friaguinee.net\/wp-content\/uploads\/2019\/10\/20191003_115816.jpg\" alt=\"\" class=\"wp-image-11054\" srcset=\"http:\/\/www.friaguinee.net\/wp-content\/uploads\/2019\/10\/20191003_115816.jpg 720w, http:\/\/www.friaguinee.net\/wp-content\/uploads\/2019\/10\/20191003_115816-300x117.jpg 300w, http:\/\/www.friaguinee.net\/wp-content\/uploads\/2019\/10\/20191003_115816-696x272.jpg 696w\" sizes=\"auto, (max-width: 720px) 100vw, 720px\" \/><\/figure>\n\n\n\n<p>Ceci est en effet devenu une habitude dans notre pays. Une rentr\u00e9e qui n&rsquo;est pas programm\u00e9e pour le d\u00e9but de la semaine est boycott\u00e9e par les \u00e9l\u00e8ves et aucune sanction n&rsquo;est prise \u00e0 leur encontre.<\/p>\n\n\n\n<p><strong><em>Laouratou Soumah pour friaguinee.net <\/em><\/strong><\/p>\n\n\n\n<p><br><\/p>\n","protected":false},"excerpt":{"rendered":"<p>Conform\u00e9ment au calendrier \u00e9tabli par le minist\u00e8re de l&rsquo;\u00e9ducation nationale et de l&rsquo;alphab\u00e9tisation, l&rsquo;\u00e9cole guin\u00e9enne a officiellement ouvert ses portes ce jeudi 3 octobre 2019. Apr\u00e8s trois mois de repos, les \u00e9l\u00e8ves de la cit\u00e9 de l&rsquo;alumine \u00e0 l&rsquo;instar de ceux des autres villes du pays, sont cens\u00e9s reprendre le chemin de l&rsquo;\u00e9cole ce jeudi, [&hellip;]<\/p>\n","protected":false},"author":2,"featured_media":11055,"comment_status":"open","ping_status":"open","sticky":false,"template":"","format":"standard","meta":{"footnotes":""},"categories":[5],"tags":[77,49,1233,1217,201],"class_list":["post-11046","post","type-post","status-publish","format-standard","has-post-thumbnail","hentry","category-education","tag-engouement","tag-fria","tag-morose","tag-rentree","tag-scolaire"],"_links":{"self":[{"href":"http:\/\/www.friaguinee.net\/index.php\/wp-json\/wp\/v2\/posts\/11046","targetHints":{"allow":["GET"]}}],"collection":[{"href":"http:\/\/www.friaguinee.net\/index.php\/wp-json\/wp\/v2\/posts"}],"about":[{"href":"http:\/\/www.friaguinee.net\/index.php\/wp-json\/wp\/v2\/types\/post"}],"author":[{"embeddable":true,"href":"http:\/\/www.friaguinee.net\/index.php\/wp-json\/wp\/v2\/users\/2"}],"replies":[{"embeddable":true,"href":"http:\/\/www.friaguinee.net\/index.php\/wp-json\/wp\/v2\/comments?post=11046"}],"version-history":[{"count":4,"href":"http:\/\/www.friaguinee.net\/index.php\/wp-json\/wp\/v2\/posts\/11046\/revisions"}],"predecessor-version":[{"id":11058,"href":"http:\/\/www.friaguinee.net\/index.php\/wp-json\/wp\/v2\/posts\/11046\/revisions\/11058"}],"wp:featuredmedia":[{"embeddable":true,"href":"http:\/\/www.friaguinee.net\/index.php\/wp-json\/wp\/v2\/media\/11055"}],"wp:attachment":[{"href":"http:\/\/www.friaguinee.net\/index.php\/wp-json\/wp\/v2\/media?parent=11046"}],"wp:term":[{"taxonomy":"category","embeddable":true,"href":"http:\/\/www.friaguinee.net\/index.php\/wp-json\/wp\/v2\/categories?post=11046"},{"taxonomy":"post_tag","embeddable":true,"href":"http:\/\/www.friaguinee.net\/index.php\/wp-json\/wp\/v2\/tags?post=11046"}],"curies":[{"name":"wp","href":"https:\/\/api.w.org\/{rel}","templated":true}]}}