{"id":1070,"date":"2018-01-20T13:27:35","date_gmt":"2018-01-20T12:27:35","guid":{"rendered":"http:\/\/www.friaguinee.net\/?p=1070"},"modified":"2018-01-20T13:27:35","modified_gmt":"2018-01-20T12:27:35","slug":"fria-ministre-de-jeunesse-a-banguigny-baguinet","status":"publish","type":"post","link":"http:\/\/www.friaguinee.net\/index.php\/2018\/01\/20\/fria-ministre-de-jeunesse-a-banguigny-baguinet\/","title":{"rendered":"Fria\u00a0: le ministre de la jeunesse \u00e0 Banguigny et Baguinet"},"content":{"rendered":"<p>Le ministre de la jeunesse, Moustapha Nait\u00e9 a conf\u00e9r\u00e9 ce vendredi 19 janvier avec les populations des sous-pr\u00e9fectures de Banguigny et Banguinet dans le cadre de l\u2019information et la sensibilisation\u00a0 autour du projet de d\u00e9veloppement du professeur Alpha Cond\u00e9.<\/p>\n<p>Pour cette deuxi\u00e8me journ\u00e9e, le ministre\u00a0 et sa suite ont\u00a0 d\u2019abord \u00e9t\u00e9 re\u00e7u \u00e0 Banguigny, situ\u00e9 \u00e0 51 km de la ville de Fria.<\/p>\n<p><img loading=\"lazy\" decoding=\"async\" class=\"size-medium wp-image-1072 alignleft\" src=\"http:\/\/www.friaguinee.net\/wp-content\/uploads\/2018\/01\/IMG_20180119_1154381-225x300.jpg\" alt=\"\" width=\"225\" height=\"300\" srcset=\"http:\/\/www.friaguinee.net\/wp-content\/uploads\/2018\/01\/IMG_20180119_1154381-225x300.jpg 225w, http:\/\/www.friaguinee.net\/wp-content\/uploads\/2018\/01\/IMG_20180119_1154381-768x1024.jpg 768w, http:\/\/www.friaguinee.net\/wp-content\/uploads\/2018\/01\/IMG_20180119_1154381-696x928.jpg 696w, http:\/\/www.friaguinee.net\/wp-content\/uploads\/2018\/01\/IMG_20180119_1154381-1068x1424.jpg 1068w, http:\/\/www.friaguinee.net\/wp-content\/uploads\/2018\/01\/IMG_20180119_1154381-315x420.jpg 315w, http:\/\/www.friaguinee.net\/wp-content\/uploads\/2018\/01\/IMG_20180119_1154381.jpg 1200w\" sizes=\"auto, (max-width: 225px) 100vw, 225px\" \/>Le sous-pr\u00e9fet de la localit\u00e9 a, apr\u00e8s son discours de bienvenue, \u00e9num\u00e9r\u00e9 quelques difficult\u00e9s auxquelles les habitants sont confront\u00e9s.<\/p>\n<p>Le ministre quant \u00e0 lui, est revenu sur les objectifs de sa mission. Selon lui, \u00ab\u00a0pour qu\u2019il ait d\u00e9veloppement, il faut pr\u00f4ner la paix et la qui\u00e9tude sociale\u00a0\u00bb.<\/p>\n<p>Ensuite, ce sont les populations de Baguinet qui ont eu l\u2019honneur de recevoir la d\u00e9l\u00e9gation minist\u00e9rielle, les autorit\u00e9s pr\u00e9fectorales et communales.<\/p>\n<p>L\u00e0 aussi, tout comme \u00e0 Torm\u00e8lin et Banguigny, l\u2019ambiance \u00e9tait de taille. Les populations ont massivement r\u00e9pondu \u00e0 l\u2019appel.<\/p>\n<p>Le sous-prefet et le porte-parole des jeunes ont successivement salu\u00e9 les efforts du gouvernement et ont port\u00e9 \u00e0 la connaissance du ministre les attentes des citoyens en g\u00e9n\u00e9ral et celles de la jeunesse en particulier.<\/p>\n<p><img loading=\"lazy\" decoding=\"async\" class=\"aligncenter size-medium wp-image-1073\" src=\"http:\/\/www.friaguinee.net\/wp-content\/uploads\/2018\/01\/IMG_20180119_1627001-300x225.jpg\" alt=\"\" width=\"300\" height=\"225\" srcset=\"http:\/\/www.friaguinee.net\/wp-content\/uploads\/2018\/01\/IMG_20180119_1627001-300x225.jpg 300w, http:\/\/www.friaguinee.net\/wp-content\/uploads\/2018\/01\/IMG_20180119_1627001-768x576.jpg 768w, http:\/\/www.friaguinee.net\/wp-content\/uploads\/2018\/01\/IMG_20180119_1627001-1024x768.jpg 1024w, http:\/\/www.friaguinee.net\/wp-content\/uploads\/2018\/01\/IMG_20180119_1627001-80x60.jpg 80w, http:\/\/www.friaguinee.net\/wp-content\/uploads\/2018\/01\/IMG_20180119_1627001-265x198.jpg 265w, http:\/\/www.friaguinee.net\/wp-content\/uploads\/2018\/01\/IMG_20180119_1627001-696x522.jpg 696w, http:\/\/www.friaguinee.net\/wp-content\/uploads\/2018\/01\/IMG_20180119_1627001-1068x801.jpg 1068w, http:\/\/www.friaguinee.net\/wp-content\/uploads\/2018\/01\/IMG_20180119_1627001-560x420.jpg 560w, http:\/\/www.friaguinee.net\/wp-content\/uploads\/2018\/01\/IMG_20180119_1627001.jpg 1600w\" sizes=\"auto, (max-width: 300px) 100vw, 300px\" \/><\/p>\n<p>Moustapha Nait\u00e9 a expliqu\u00e9 les acquis de la gouvernance d\u2019Alpha Cond\u00e9 notamment sur le plan \u00e9conomique, sociale, industrielle, agricole et \u00e9n\u00e9rg\u00e9tique avant de les inviter \u00e0 soutenir ses actions qui vont dans l\u2019int\u00e9r\u00eat de tout le peuple de Guin\u00e9e.<\/p>\n<p>Les populations des diff\u00e9rentes localit\u00e9s visit\u00e9es ont salu\u00e9 l\u2019acte et se sont engag\u00e9es \u00e0 soutenir le projet de d\u00e9veloppement entam\u00e9 par le pr\u00e9sident de la R\u00e9publique.<\/p>\n<p>&nbsp;<\/p>\n<p><strong>Abdoulaye Sylla<\/strong><\/p>\n","protected":false},"excerpt":{"rendered":"<p>Le ministre de la jeunesse, Moustapha Nait\u00e9 a conf\u00e9r\u00e9 ce vendredi 19 janvier avec les populations des sous-pr\u00e9fectures de Banguigny et Banguinet dans le cadre de l\u2019information et la sensibilisation\u00a0 autour du projet de d\u00e9veloppement du professeur Alpha Cond\u00e9. Pour cette deuxi\u00e8me journ\u00e9e, le ministre\u00a0 et sa suite ont\u00a0 d\u2019abord \u00e9t\u00e9 re\u00e7u \u00e0 Banguigny, situ\u00e9 [&hellip;]<\/p>\n","protected":false},"author":2,"featured_media":1071,"comment_status":"open","ping_status":"open","sticky":false,"template":"","format":"standard","meta":{"footnotes":""},"categories":[9],"tags":[49,142,141,150],"class_list":["post-1070","post","type-post","status-publish","format-standard","has-post-thumbnail","hentry","category-publireportage","tag-fria","tag-jeunesse","tag-ministre","tag-tournee"],"_links":{"self":[{"href":"http:\/\/www.friaguinee.net\/index.php\/wp-json\/wp\/v2\/posts\/1070","targetHints":{"allow":["GET"]}}],"collection":[{"href":"http:\/\/www.friaguinee.net\/index.php\/wp-json\/wp\/v2\/posts"}],"about":[{"href":"http:\/\/www.friaguinee.net\/index.php\/wp-json\/wp\/v2\/types\/post"}],"author":[{"embeddable":true,"href":"http:\/\/www.friaguinee.net\/index.php\/wp-json\/wp\/v2\/users\/2"}],"replies":[{"embeddable":true,"href":"http:\/\/www.friaguinee.net\/index.php\/wp-json\/wp\/v2\/comments?post=1070"}],"version-history":[{"count":0,"href":"http:\/\/www.friaguinee.net\/index.php\/wp-json\/wp\/v2\/posts\/1070\/revisions"}],"wp:featuredmedia":[{"embeddable":true,"href":"http:\/\/www.friaguinee.net\/index.php\/wp-json\/wp\/v2\/media\/1071"}],"wp:attachment":[{"href":"http:\/\/www.friaguinee.net\/index.php\/wp-json\/wp\/v2\/media?parent=1070"}],"wp:term":[{"taxonomy":"category","embeddable":true,"href":"http:\/\/www.friaguinee.net\/index.php\/wp-json\/wp\/v2\/categories?post=1070"},{"taxonomy":"post_tag","embeddable":true,"href":"http:\/\/www.friaguinee.net\/index.php\/wp-json\/wp\/v2\/tags?post=1070"}],"curies":[{"name":"wp","href":"https:\/\/api.w.org\/{rel}","templated":true}]}}