{"id":10437,"date":"2019-08-21T13:43:55","date_gmt":"2019-08-21T13:43:55","guid":{"rendered":"http:\/\/www.friaguinee.net\/?p=10437"},"modified":"2019-08-21T13:44:05","modified_gmt":"2019-08-21T13:44:05","slug":"appellation-guinee-conakry-le-ministere-des-affaires-etrangeres-demande-la-restauration-de-lappellation-officielle","status":"publish","type":"post","link":"http:\/\/www.friaguinee.net\/index.php\/2019\/08\/21\/appellation-guinee-conakry-le-ministere-des-affaires-etrangeres-demande-la-restauration-de-lappellation-officielle\/","title":{"rendered":"Appellation &lsquo;Guin\u00e9e-Conakry&rsquo;: le Minist\u00e8re des affaires \u00e9trang\u00e8res demande la restauration de l&rsquo;appellation officielle"},"content":{"rendered":"\n<p>Dans un communiqu\u00e9 transmis \u00e0 la presse ce mercredi 21 ao\u00fbt 2019, le Ministre des Affaires \u00e9trang\u00e8res regrette le vocable \u00ab\u00a0Guin\u00e9e-Conakry\u00a0\u00bb attribu\u00e9 au pays depuis quelques temps et invite tout le monde \u00e0 \u0153uvrer par la restauration de l&rsquo;appellation officielle  \u00ab\u00a0R\u00e9publique de Guin\u00e9e \u00ab\u00a0<\/p>\n\n\n\n<p>Ci-dessous le communiqu\u00e9 !<\/p>\n\n\n\n<figure class=\"wp-block-image\"><img loading=\"lazy\" decoding=\"async\" width=\"684\" height=\"960\" src=\"http:\/\/www.friaguinee.net\/wp-content\/uploads\/2019\/08\/FB_IMG_1566388905185.jpg\" alt=\"\" class=\"wp-image-10438\" srcset=\"http:\/\/www.friaguinee.net\/wp-content\/uploads\/2019\/08\/FB_IMG_1566388905185.jpg 684w, http:\/\/www.friaguinee.net\/wp-content\/uploads\/2019\/08\/FB_IMG_1566388905185-214x300.jpg 214w, http:\/\/www.friaguinee.net\/wp-content\/uploads\/2019\/08\/FB_IMG_1566388905185-299x420.jpg 299w\" sizes=\"auto, (max-width: 684px) 100vw, 684px\" \/><\/figure>\n","protected":false},"excerpt":{"rendered":"<p>Dans un communiqu\u00e9 transmis \u00e0 la presse ce mercredi 21 ao\u00fbt 2019, le Ministre des Affaires \u00e9trang\u00e8res regrette le vocable \u00ab\u00a0Guin\u00e9e-Conakry\u00a0\u00bb attribu\u00e9 au pays depuis quelques temps et invite tout le monde \u00e0 \u0153uvrer par la restauration de l&rsquo;appellation officielle \u00ab\u00a0R\u00e9publique de Guin\u00e9e \u00ab\u00a0 Ci-dessous le communiqu\u00e9 !<\/p>\n","protected":false},"author":2,"featured_media":10439,"comment_status":"open","ping_status":"open","sticky":false,"template":"","format":"standard","meta":{"footnotes":""},"categories":[414],"tags":[],"class_list":["post-10437","post","type-post","status-publish","format-standard","has-post-thumbnail","hentry","category-communique"],"_links":{"self":[{"href":"http:\/\/www.friaguinee.net\/index.php\/wp-json\/wp\/v2\/posts\/10437","targetHints":{"allow":["GET"]}}],"collection":[{"href":"http:\/\/www.friaguinee.net\/index.php\/wp-json\/wp\/v2\/posts"}],"about":[{"href":"http:\/\/www.friaguinee.net\/index.php\/wp-json\/wp\/v2\/types\/post"}],"author":[{"embeddable":true,"href":"http:\/\/www.friaguinee.net\/index.php\/wp-json\/wp\/v2\/users\/2"}],"replies":[{"embeddable":true,"href":"http:\/\/www.friaguinee.net\/index.php\/wp-json\/wp\/v2\/comments?post=10437"}],"version-history":[{"count":1,"href":"http:\/\/www.friaguinee.net\/index.php\/wp-json\/wp\/v2\/posts\/10437\/revisions"}],"predecessor-version":[{"id":10440,"href":"http:\/\/www.friaguinee.net\/index.php\/wp-json\/wp\/v2\/posts\/10437\/revisions\/10440"}],"wp:featuredmedia":[{"embeddable":true,"href":"http:\/\/www.friaguinee.net\/index.php\/wp-json\/wp\/v2\/media\/10439"}],"wp:attachment":[{"href":"http:\/\/www.friaguinee.net\/index.php\/wp-json\/wp\/v2\/media?parent=10437"}],"wp:term":[{"taxonomy":"category","embeddable":true,"href":"http:\/\/www.friaguinee.net\/index.php\/wp-json\/wp\/v2\/categories?post=10437"},{"taxonomy":"post_tag","embeddable":true,"href":"http:\/\/www.friaguinee.net\/index.php\/wp-json\/wp\/v2\/tags?post=10437"}],"curies":[{"name":"wp","href":"https:\/\/api.w.org\/{rel}","templated":true}]}}