{"id":10032,"date":"2019-07-31T18:26:13","date_gmt":"2019-07-31T18:26:13","guid":{"rendered":"http:\/\/www.friaguinee.net\/?p=10032"},"modified":"2019-07-31T18:26:14","modified_gmt":"2019-07-31T18:26:14","slug":"fifa-sadio-mane-et-salah-parmi-les-nomines-pour-le-titre-du-meilleur-joueur-2019","status":"publish","type":"post","link":"http:\/\/www.friaguinee.net\/index.php\/2019\/07\/31\/fifa-sadio-mane-et-salah-parmi-les-nomines-pour-le-titre-du-meilleur-joueur-2019\/","title":{"rendered":"FIFA: Sadio Man\u00e8 et Salah parmi les nomin\u00e9s pour le titre du meilleur joueur 2019"},"content":{"rendered":"\n<h4 class=\"wp-block-heading\">Les nomm\u00e9s pour le titre FIFA &#8211; The Best 2019 ont \u00e9t\u00e9 d\u00e9voil\u00e9s par\nl&rsquo;instance dirigeante du football mondial. Une liste de 10 noms s&rsquo;\u00e9tant mis en\n\u00e9vidence entre le 16 juillet 2018 et le 19 juillet 2019. Qui succ\u00e9dera \u00e0 Luka\nModric ?<\/h4>\n\n\n\n<p>Le 23 septembre, \u00e0 Milan, on conna\u00eetra l\u2019identit\u00e9 du laur\u00e9at du prix FIFA &#8211;\nThe Best 2019. Un troph\u00e9e r\u00e9compensant&nbsp;<em>\u00ab&nbsp;le meilleur joueur, quel\nque soit le championnat o\u00f9 il \u00e9volue ou sa nationalit\u00e9, pour ses\naccomplissements entre le 16 juillet 2018 et le 19 juillet 2019 (inclus). Il\nest attribu\u00e9 selon les performances sur le terrain et le comportement g\u00e9n\u00e9ral,\nque ce soit sur le terrain ou en dehors&nbsp;\u00bb<\/em>, selon les crit\u00e8res \u00e9tablis\npar l\u2019instance dirigeante du football mondial.<\/p>\n\n\n\n<p>En attendant, la liste des 10 nomm\u00e9s vient d\u2019\u00eatre d\u00e9voil\u00e9e. On y retrouve\nnotamment Kylian Mbapp\u00e9, Cristiano Ronaldo, Lionel Messi, Virgil van Dijk ou\nencore Frenkie de Jong, Sadio Man\u00e9 ou Mohamed Salah. Sur ces 10 noms, les\ninternautes (<a href=\"https:\/\/www.fifa.com\/the-best-fifa-football-awards\/best-fifa-mens-player\/\">qui peuvent voter jusqu\u2019au 19 ao\u00fbt<\/a>) et la\ncommunaut\u00e9 du football (les journalistes, les supporters, les s\u00e9lectionneurs et\ncapitaines d\u2019\u00e9quipes nationales) voteront pour \u00e9lire le grand vainqueur. Les\ntrois finalistes seront annonc\u00e9s \u00e0 une date ult\u00e9rieure.<\/p>\n\n\n\n<p><strong>La liste des 10\njoueurs retenus pour le troph\u00e9e The Best \u2013 Joueur de la FIFA 2019&nbsp;:<\/strong><\/p>\n\n\n\n<p>   \u00a0Cristiano Ronaldo (Juventus Turin\/Portugal\/34 ans)<\/p>\n\n\n\n<p>\n \n&nbsp;Frenkie de Jong (Ajax Amsterdam, FC Barcelone\/Pays-Bas\/22 ans)<\/p>\n\n\n\n<p>\n \n&nbsp;Matthijs de Ligt (Ajax Amsterdam, Juventus Turin\/Pays-Bas\/19 ans)<\/p>\n\n\n\n<p>\n \n&nbsp;Eden Hazard (Chelsea, Real Madrid\/Belgique\/28 ans)<\/p>\n\n\n\n<p>\n \n&nbsp;Harry Kane (Tottenham\/Angleterre\/26 ans)<\/p>\n\n\n\n<p>\n \n&nbsp;Sadio Man\u00e9 (Liverpool\/S\u00e9n\u00e9gal\/27 ans)<\/p>\n\n\n\n<p>\n \n&nbsp;Kylian Mbapp\u00e9 (Paris SG\/France\/20 ans)<\/p>\n\n\n\n<p>\n \n&nbsp;Lionel Messi (FC Barcelone\/Argentine\/31 ans)<\/p>\n\n\n\n<p>\n \n&nbsp;Mohamed Salah (Liverpool\/\u00c9gypte\/27 ans)<\/p>\n\n\n\n<p>   \u00a0Virgil van Dijk (Liverpool\/Pays-Bas\/28 ans)<\/p>\n\n\n\n<p>Source: footmercato<\/p>\n","protected":false},"excerpt":{"rendered":"<p>Les nomm\u00e9s pour le titre FIFA &#8211; The Best 2019 ont \u00e9t\u00e9 d\u00e9voil\u00e9s par l&rsquo;instance dirigeante du football mondial. Une liste de 10 noms s&rsquo;\u00e9tant mis en \u00e9vidence entre le 16 juillet 2018 et le 19 juillet 2019. Qui succ\u00e9dera \u00e0 Luka Modric ? Le 23 septembre, \u00e0 Milan, on conna\u00eetra l\u2019identit\u00e9 du laur\u00e9at du [&hellip;]<\/p>\n","protected":false},"author":2,"featured_media":10033,"comment_status":"open","ping_status":"open","sticky":false,"template":"","format":"standard","meta":{"footnotes":""},"categories":[41],"tags":[],"class_list":["post-10032","post","type-post","status-publish","format-standard","has-post-thumbnail","hentry","category-sport"],"_links":{"self":[{"href":"http:\/\/www.friaguinee.net\/index.php\/wp-json\/wp\/v2\/posts\/10032","targetHints":{"allow":["GET"]}}],"collection":[{"href":"http:\/\/www.friaguinee.net\/index.php\/wp-json\/wp\/v2\/posts"}],"about":[{"href":"http:\/\/www.friaguinee.net\/index.php\/wp-json\/wp\/v2\/types\/post"}],"author":[{"embeddable":true,"href":"http:\/\/www.friaguinee.net\/index.php\/wp-json\/wp\/v2\/users\/2"}],"replies":[{"embeddable":true,"href":"http:\/\/www.friaguinee.net\/index.php\/wp-json\/wp\/v2\/comments?post=10032"}],"version-history":[{"count":1,"href":"http:\/\/www.friaguinee.net\/index.php\/wp-json\/wp\/v2\/posts\/10032\/revisions"}],"predecessor-version":[{"id":10034,"href":"http:\/\/www.friaguinee.net\/index.php\/wp-json\/wp\/v2\/posts\/10032\/revisions\/10034"}],"wp:featuredmedia":[{"embeddable":true,"href":"http:\/\/www.friaguinee.net\/index.php\/wp-json\/wp\/v2\/media\/10033"}],"wp:attachment":[{"href":"http:\/\/www.friaguinee.net\/index.php\/wp-json\/wp\/v2\/media?parent=10032"}],"wp:term":[{"taxonomy":"category","embeddable":true,"href":"http:\/\/www.friaguinee.net\/index.php\/wp-json\/wp\/v2\/categories?post=10032"},{"taxonomy":"post_tag","embeddable":true,"href":"http:\/\/www.friaguinee.net\/index.php\/wp-json\/wp\/v2\/tags?post=10032"}],"curies":[{"name":"wp","href":"https:\/\/api.w.org\/{rel}","templated":true}]}}