{"id":10024,"date":"2019-07-31T15:07:10","date_gmt":"2019-07-31T15:07:10","guid":{"rendered":"http:\/\/www.friaguinee.net\/?p=10024"},"modified":"2019-07-31T15:07:11","modified_gmt":"2019-07-31T15:07:11","slug":"fria-immigration-clandestine-lemouvant-temoignage-dune-femme-qui-a-perdu-un-etre-cher","status":"publish","type":"post","link":"http:\/\/www.friaguinee.net\/index.php\/2019\/07\/31\/fria-immigration-clandestine-lemouvant-temoignage-dune-femme-qui-a-perdu-un-etre-cher\/","title":{"rendered":"Fria\/Immigration clandestine : l\u2019\u00e9mouvant t\u00e9moignage d\u2019une femme qui a perdu un \u00eatre cher"},"content":{"rendered":"\n<p>FRIA &#8211; Vendredi le 26 juillet 2019, une d\u00e9l\u00e9gation compos\u00e9e d\u2019une ONG Belge et de Syndicalistes a \u00e9t\u00e9 re\u00e7ue par les autorit\u00e9s locales.<\/p>\n\n\n\n<p>Venus \u00e9changer avec des ONG et associations de la cit\u00e9 de l\u2019alumine sur les enjeux de la migration, les membres de l\u2019ONG \u2018\u2019Amiti\u00e9 sans fronti\u00e8re\u2019\u2019 ont permis \u00e0 des victimes de ce fl\u00e9au notamment des immigr\u00e9s retourn\u00e9s et des parents ayant perdu des \u00eatres chers de partager leur v\u00e9cu avec l\u2019auditoire.<\/p>\n\n\n\n<p>Parmi les t\u00e9moignages, celui d\u2019une dame qui a perdu son fr\u00e8re dans un naufrage, a marqu\u00e9 l\u2019atmosph\u00e8re.<\/p>\n\n\n\n<p>\u00ab&nbsp;<strong><em>Mon jeune fr\u00e8re S\u00e9kou Soumah, \u00e2g\u00e9\nde 32 ans \u00e0 l\u2019\u00e9poque a perdu la vie dans un naufrage il y a de cela environ 5\nans. Il \u00e9tait parti une fois en Espagne, on l\u2019a rapatri\u00e9&nbsp;; il a dit qu\u2019il\nne peut pas rester ici, il faut qu\u2019il parte pour aider la famille. Lors de sa\ntentative, il a emprunt\u00e9 la voie maritime vers un pays arabe dont j\u2019ignore le\nnom mais malheureusement il est d\u00e9c\u00e9d\u00e9<\/em><\/strong>&nbsp;\u00bb relate-t-elle.<\/p>\n\n\n\n<p>\u00ab&nbsp;<strong><em>Selon les t\u00e9moins qui nous ont\njoint apr\u00e8s, ils \u00e9taient dans un bateau qui a chavir\u00e9 apr\u00e8s. D\u2019abord, il a pu\nse sauver, mais en voyant un enfant se noyer, il a voulu sauver cet enfant. Il\na alors replong\u00e9 dans l\u2019eau, il s\u2019est noy\u00e9 avec l\u2019enfant<\/em><\/strong>&nbsp;\u00bb\najoute-t-elle.<\/p>\n\n\n\n<p>\u00ab&nbsp;<strong><em>C\u2019est sur facebook que nous avons\nvu les images, il \u00e9tait couch\u00e9 mort avec un enfant \u00e0 c\u00f4t\u00e9. Notre m\u00e8re qui \u00e9tait\ndiab\u00e9tique et hypertendu n\u2019a pas pu supporter, depuis l\u2019annonce de la nouvelle\ndu d\u00e9c\u00e8s de mon jeune fr\u00e8re, elle est tomb\u00e9e gravement malade et en est d\u00e9c\u00e9d\u00e9e\nquelques mois apr\u00e8s&nbsp;<\/em><\/strong>\u00bb explique Mamaissata Soumah.<\/p>\n\n\n\n<p>L\u2019immigration clandestine, ce dangereux\nfl\u00e9au qui attire la jeunesse des pays pauvres, est malgr\u00e9 les multiples\ncampagnes de sensibilisation men\u00e9es par les gouvernements et les organismes\ninternationaux, loin de sortir de la tete de la jeunesse africaine \u00e0 cause du\nfaible niveau de vie qu\u2019elle m\u00e8ne dans leurs diff\u00e9rents pays.<\/p>\n\n\n\n<p><strong><em>Laouratou Soumah pour\nfriaguinee.net<\/em><\/strong><\/p>\n","protected":false},"excerpt":{"rendered":"<p>FRIA &#8211; Vendredi le 26 juillet 2019, une d\u00e9l\u00e9gation compos\u00e9e d\u2019une ONG Belge et de Syndicalistes a \u00e9t\u00e9 re\u00e7ue par les autorit\u00e9s locales. Venus \u00e9changer avec des ONG et associations de la cit\u00e9 de l\u2019alumine sur les enjeux de la migration, les membres de l\u2019ONG \u2018\u2019Amiti\u00e9 sans fronti\u00e8re\u2019\u2019 ont permis \u00e0 des victimes de ce [&hellip;]<\/p>\n","protected":false},"author":2,"featured_media":10025,"comment_status":"open","ping_status":"open","sticky":false,"template":"","format":"standard","meta":{"footnotes":""},"categories":[1],"tags":[92,547,49,91,103],"class_list":["post-10024","post","type-post","status-publish","format-standard","has-post-thumbnail","hentry","category-non-classe","tag-clandestine","tag-frere","tag-fria","tag-immigration","tag-mort"],"_links":{"self":[{"href":"http:\/\/www.friaguinee.net\/index.php\/wp-json\/wp\/v2\/posts\/10024","targetHints":{"allow":["GET"]}}],"collection":[{"href":"http:\/\/www.friaguinee.net\/index.php\/wp-json\/wp\/v2\/posts"}],"about":[{"href":"http:\/\/www.friaguinee.net\/index.php\/wp-json\/wp\/v2\/types\/post"}],"author":[{"embeddable":true,"href":"http:\/\/www.friaguinee.net\/index.php\/wp-json\/wp\/v2\/users\/2"}],"replies":[{"embeddable":true,"href":"http:\/\/www.friaguinee.net\/index.php\/wp-json\/wp\/v2\/comments?post=10024"}],"version-history":[{"count":2,"href":"http:\/\/www.friaguinee.net\/index.php\/wp-json\/wp\/v2\/posts\/10024\/revisions"}],"predecessor-version":[{"id":10027,"href":"http:\/\/www.friaguinee.net\/index.php\/wp-json\/wp\/v2\/posts\/10024\/revisions\/10027"}],"wp:featuredmedia":[{"embeddable":true,"href":"http:\/\/www.friaguinee.net\/index.php\/wp-json\/wp\/v2\/media\/10025"}],"wp:attachment":[{"href":"http:\/\/www.friaguinee.net\/index.php\/wp-json\/wp\/v2\/media?parent=10024"}],"wp:term":[{"taxonomy":"category","embeddable":true,"href":"http:\/\/www.friaguinee.net\/index.php\/wp-json\/wp\/v2\/categories?post=10024"},{"taxonomy":"post_tag","embeddable":true,"href":"http:\/\/www.friaguinee.net\/index.php\/wp-json\/wp\/v2\/tags?post=10024"}],"curies":[{"name":"wp","href":"https:\/\/api.w.org\/{rel}","templated":true}]}}